{"id":222142,"date":"2024-04-12T17:29:10","date_gmt":"2024-04-12T20:29:10","guid":{"rendered":"https:\/\/diarioregionaldigital.com.br\/?p=222142"},"modified":"2024-04-12T17:29:10","modified_gmt":"2024-04-12T20:29:10","slug":"melhoria-do-ambiente-de-negocios-minas-amplia-para-730-as-atividades-dispensadas-de-alvara","status":"publish","type":"post","link":"https:\/\/diarioregionaldigital.com.br\/?p=222142","title":{"rendered":"Melhoria do ambiente de neg\u00f3cios: Minas amplia para 730 as atividades dispensadas de alvar\u00e1"},"content":{"rendered":"<p>Minas Gerais ampliou o n\u00famero de atividades dispensadas de alvar\u00e1 de funcionamento, passando de 701 para 730 as ocupa\u00e7\u00f5es que n\u00e3o mais precisam de ato p\u00fablico de libera\u00e7\u00e3o para iniciar as opera\u00e7\u00f5es. A medida entrou em vigor no s\u00e1bado (6\/4), com a publica\u00e7\u00e3o, no Di\u00e1rio Oficial do Estado, da\u00a0<a id=\"OWAa1130111-a144-35d1-3ef9-23bef8c2cc27\" href=\"https:\/\/www.jornalminasgerais.mg.gov.br\/index.php?dataJornal=2024-04-06\" target=\"_blank\" rel=\"noopener noreferrer\" data-auth=\"NotApplicable\" data-linkindex=\"1\">Resolu\u00e7\u00e3o 03\/2024<\/a>, do Comit\u00ea Gestor da\u00a0<a id=\"OWAcea9e5c6-4c2c-7391-a172-52037993e6c9\" href=\"https:\/\/redesim.mg.gov.br\/\" target=\"_blank\" rel=\"noopener noreferrer\" data-auth=\"NotApplicable\" data-linkindex=\"2\">Redesim-MG<\/a>.<\/p>\n<p>A medida inclui 29 novas ocupa\u00e7\u00f5es e empreendimentos no rol das atividades classificadas como de baixo risco e, portanto, desobrigadas de alvar\u00e1. Dentre elas est\u00e3o, por exemplo, fabrica\u00e7\u00e3o de jogos eletr\u00f4nicos, servi\u00e7os de entrega r\u00e1pida e servi\u00e7os advocat\u00edcios.<\/p>\n<p>O secret\u00e1rio de Estado de Desenvolvimento Econ\u00f4mico, Fernando Passalio, destaca a import\u00e2ncia de medidas que d\u00e3o previsibilidade e seguran\u00e7a jur\u00eddica na melhoria do ambiente de neg\u00f3cios e gera\u00e7\u00e3o de emprego e renda nos munic\u00edpios.<\/p>\n<p>\u201cO cidad\u00e3o que quer abrir o seu neg\u00f3cio n\u00e3o pode ficar esperando o carimbo da prefeitura para realizar atividades simples e de baixo risco. Em breve, iremos aprovar tamb\u00e9m a aprova\u00e7\u00e3o t\u00e1cita, limitando o tempo de espera das autoriza\u00e7\u00f5es em at\u00e9 60 dias. Minas \u00e9 um Estado pr\u00f3-empreendedor e faremos de tudo para que quem queira trabalhar n\u00e3o seja atrapalhado por burocracias excessivas\u201d.<\/p>\n<p><strong>Facilidade para empreender<\/strong><\/p>\n<p>A inclus\u00e3o de novas atividades ocorreu por decis\u00e3o un\u00e2nime do Comit\u00ea Gestor da\u00a0Rede Nacional para a Simplifica\u00e7\u00e3o do Registro e da Legaliza\u00e7\u00e3o de Empresas e Neg\u00f3cios (Redesim MG), inst\u00e2ncia coordenada pela\u00a0<a id=\"OWAb17d6096-c0a9-162d-1317-b1977b659304\" href=\"https:\/\/jucemg.mg.gov.br\/\" target=\"_blank\" rel=\"noopener noreferrer\" data-auth=\"NotApplicable\" data-linkindex=\"3\">Junta Comercial de Minas Gerais (Jucemg)<\/a>, entidade vinculada \u00e0\u00a0<a id=\"OWA923cd44f-1fd8-c1e3-8ff2-7bb5b55a468e\" href=\"https:\/\/www.desenvolvimento.mg.gov.br\/\" target=\"_blank\" rel=\"noopener noreferrer\" data-auth=\"NotApplicable\" data-linkindex=\"4\">Secretaria de Estado de Desenvolvimento Econ\u00f4mico (Sede-MG)<\/a>.<\/p>\n<p>\u201cEssa medida representa menos burocracia e mais agilidade para quem deseja investir em territ\u00f3rio mineiro, uma vez que o empreendedor contemplado pela dispensa pode iniciar seu neg\u00f3cio de imediato\u201d, comemora a presidente da Jucemg, Patricia Vinte Di I\u00f3rio.<\/p>\n<p>Para a ex-presidente do\u00a0<a id=\"OWA32aa3d94-4972-bbeb-bacc-2f60cde37b11\" href=\"https:\/\/crcmg.org.br\/\" target=\"_blank\" rel=\"noopener noreferrer\" data-auth=\"NotApplicable\" data-linkindex=\"5\">Conselho Regional de Contabilidade de Minas Gerais (CRC-MG)<\/a>, Rosa Maria Abreu Barros, integrante do Comit\u00ea Gestor da Redesim MG, a medida gera mais interesse e confian\u00e7a do empreendedor em abrir um novo neg\u00f3cio ou alterar os j\u00e1 existentes.<\/p>\n<p>\u201cQuando temos normas claras, seguran\u00e7a e rapidez, e somos atendidos nesse processo unificado, a classe cont\u00e1bil se sente parte deste avan\u00e7o, por conseguir entregas que de fato sejam importantes e agreguem valor ao nosso trabalho\u201d, aponta ela.<\/p>\n<p>A listagem com todas as 730 atividades dispensadas est\u00e1 dispon\u00edvel para consulta no portal da\u00a0<a id=\"OWA993cc542-e286-8a63-5961-347290e1d81e\" href=\"https:\/\/redesim.mg.gov.br\/5\/licenciamento\" target=\"_blank\" rel=\"noopener noreferrer\" data-auth=\"NotApplicable\" data-linkindex=\"6\">Redesim MG<\/a>.<a id=\"OWA95867a85-a7df-eea8-ff18-8141bed83eca\" href=\"https:\/\/redesim.mg.gov.br\/5\/licenciamento.\" target=\"_blank\" rel=\"noopener noreferrer\" data-auth=\"NotApplicable\" data-linkindex=\"7\">\u00a0<\/a><\/p>\n<p><strong>Redesim + Livre\u00a0\u00a0<\/strong><\/p>\n<p>Quem tamb\u00e9m sai ganhando com a amplia\u00e7\u00e3o das atividades de baixo risco s\u00e3o as prefeituras que aderirem ao programa\u00a0<a id=\"OWAeea291aa-7a1c-340f-94ad-9ca3f1e38939\" href=\"https:\/\/jucemg.mg.gov.br\/redesimmaislivre\/\" target=\"_blank\" rel=\"noopener noreferrer\" data-auth=\"NotApplicable\" data-linkindex=\"8\">Redesim + Livre<\/a>.\u00a0 Desenvolvido pela Jucemg, em parceria com a Sede-MG e\u00a0<a id=\"OWAba09bd1a-eb4a-e761-8361-c499eff7ee02\" href=\"https:\/\/sebrae.com.br\/sites\/PortalSebrae\/ufs\/mg?codUf=14\" target=\"_blank\" rel=\"noopener noreferrer\" data-auth=\"NotApplicable\" data-linkindex=\"9\">Sebrae Minas<\/a>, o sistema permite automatizar todas as etapas de abertura e legaliza\u00e7\u00e3o de empresas, no \u00e2mbito municipal, para os empreendimentos de baixo e m\u00e9dio risco.<\/p>\n<p>Lan\u00e7ada em novembro de 2023, a plataforma j\u00e1 conta com 63 munic\u00edpios inscritos para ades\u00e3o. Patos de Minas, no Alto Parana\u00edba, e Pirapora, no Norte de Minas, foram os dois primeiros munic\u00edpios a implementarem o sistema.<\/p>\n<p>&#8220;S\u00f3 no primeiro dia, recebemos mais de 900 pedidos de viabilidade, todos analisados automaticamente. Esse sistema resulta em melhorias na gest\u00e3o da prefeitura e impulsiona a gera\u00e7\u00e3o de empregos e o desenvolvimento da cidade&#8221;, relata Lu\u00eds Eduardo Falc\u00e3o, prefeito de Patos de Minas.<\/p>\n<p>J\u00e1 em fase avan\u00e7ada de testes, os pr\u00f3ximos munic\u00edpios a serem ativados ser\u00e3o Catuji, no Vale do Mucuri, e S\u00e3o Tiago, no Campo das Vertentes.<\/p>\n<p>Outros sete munic\u00edpios tamb\u00e9m j\u00e1 enviaram a documenta\u00e7\u00e3o e dever\u00e3o iniciar a fase de testes nos pr\u00f3ximos dias: Francisc\u00f3polis (Norte de Minas), Po\u00e7os de Caldas (Sul de Minas), S\u00e3o Joaquim de Bicas (Regi\u00e3o Metropolitana de Belo Horizonte), Araguari (Tri\u00e2ngulo Mineiro), Ipatinga (Vale do A\u00e7o), Frutal (Tri\u00e2ngulo Mineiro) e Curvelo (Central).<\/p>\n<p>Uma das exig\u00eancias \u00e9 a ades\u00e3o ao\u00a0<a id=\"OWA41a2c87a-01ad-50a6-84f8-cb8699c1478a\" href=\"https:\/\/www.desenvolvimento.mg.gov.br\/inicio\/projetos\/projeto\/1119\" target=\"_blank\" rel=\"noopener noreferrer\" data-auth=\"NotApplicable\" data-linkindex=\"10\">Programa Estadual de Desburocratiza\u00e7\u00e3o &#8211; Minas Livre para Crescer<\/a>, que j\u00e1 conta com a ades\u00e3o de mais de 51% do estado. A iniciativa auxilia os munic\u00edpios na institui\u00e7\u00e3o da\u00a0<a id=\"OWAb5695870-7980-99cc-f029-e1f57072945e\" href=\"https:\/\/www.desenvolvimento.mg.gov.br\/inicio\/projetos\/projeto\/1118\" target=\"_blank\" rel=\"noopener noreferrer\" data-auth=\"NotApplicable\" data-linkindex=\"11\">legisla\u00e7\u00e3o de Liberdade Econ\u00f4mica<\/a>, em conson\u00e2ncia \u00e0 aplica\u00e7\u00e3o das diretrizes federal e estadual, favorecendo assim o ambiente de neg\u00f3cios local.<\/p>\n<p>Mais informa\u00e7\u00f5es sobre o projeto Redesim + Livre referente a requisitos para ades\u00e3o, funcionalidades das prefeituras, benef\u00edcios e como aderir podem ser obtidas pelo\u00a0<a id=\"OWA9a861ffd-3585-f4e9-ce2a-58aeec45514a\" href=\"https:\/\/jucemg.mg.gov.br\/redesimmaislivre\/\" target=\"_blank\" rel=\"noopener noreferrer\" data-auth=\"NotApplicable\" data-linkindex=\"12\">link<\/a>.<a id=\"OWA7470eadf-25e9-a4f5-53cd-8042c6d9de58\" href=\"https:\/\/jucemg.mg.gov.br\/redesimmaislivre\/\" target=\"_blank\" rel=\"noopener noreferrer\" data-auth=\"NotApplicable\" data-linkindex=\"13\">\u00a0<\/a><\/p>\n<p>Fonte: Ag\u00eancia Minas<\/p>\n","protected":false},"excerpt":{"rendered":"<p>Minas Gerais ampliou o n\u00famero de atividades dispensadas de alvar\u00e1 de funcionamento, passando de 701 para 730 as ocupa\u00e7\u00f5es que n\u00e3o mais precisam de ato p\u00fablico de libera\u00e7\u00e3o para iniciar as opera\u00e7\u00f5es. A medida entrou em vigor no s\u00e1bado (6\/4), com a publica\u00e7\u00e3o, no Di\u00e1rio Oficial do Estado, da\u00a0Resolu\u00e7\u00e3o 03\/2024, do Comit\u00ea Gestor da\u00a0Redesim-MG. A [&hellip;]<\/p>\n","protected":false},"author":246,"featured_media":222143,"comment_status":"closed","ping_status":"closed","sticky":false,"template":"","format":"standard","meta":{"footnotes":""},"categories":[436,261,254,252,439],"tags":[],"class_list":["post-222142","post","type-post","status-publish","format-standard","has-post-thumbnail","hentry","category-destaque-da-semana","category-economia","category-politica","category-regiao","category-ultima-hora"],"_links":{"self":[{"href":"https:\/\/diarioregionaldigital.com.br\/index.php?rest_route=\/wp\/v2\/posts\/222142","targetHints":{"allow":["GET"]}}],"collection":[{"href":"https:\/\/diarioregionaldigital.com.br\/index.php?rest_route=\/wp\/v2\/posts"}],"about":[{"href":"https:\/\/diarioregionaldigital.com.br\/index.php?rest_route=\/wp\/v2\/types\/post"}],"author":[{"embeddable":true,"href":"https:\/\/diarioregionaldigital.com.br\/index.php?rest_route=\/wp\/v2\/users\/246"}],"replies":[{"embeddable":true,"href":"https:\/\/diarioregionaldigital.com.br\/index.php?rest_route=%2Fwp%2Fv2%2Fcomments&post=222142"}],"version-history":[{"count":1,"href":"https:\/\/diarioregionaldigital.com.br\/index.php?rest_route=\/wp\/v2\/posts\/222142\/revisions"}],"predecessor-version":[{"id":222144,"href":"https:\/\/diarioregionaldigital.com.br\/index.php?rest_route=\/wp\/v2\/posts\/222142\/revisions\/222144"}],"wp:featuredmedia":[{"embeddable":true,"href":"https:\/\/diarioregionaldigital.com.br\/index.php?rest_route=\/wp\/v2\/media\/222143"}],"wp:attachment":[{"href":"https:\/\/diarioregionaldigital.com.br\/index.php?rest_route=%2Fwp%2Fv2%2Fmedia&parent=222142"}],"wp:term":[{"taxonomy":"category","embeddable":true,"href":"https:\/\/diarioregionaldigital.com.br\/index.php?rest_route=%2Fwp%2Fv2%2Fcategories&post=222142"},{"taxonomy":"post_tag","embeddable":true,"href":"https:\/\/diarioregionaldigital.com.br\/index.php?rest_route=%2Fwp%2Fv2%2Ftags&post=222142"}],"curies":[{"name":"wp","href":"https:\/\/api.w.org\/{rel}","templated":true}]}}