{"id":222127,"date":"2024-04-11T20:26:53","date_gmt":"2024-04-11T23:26:53","guid":{"rendered":"https:\/\/diarioregionaldigital.com.br\/?p=222127"},"modified":"2024-04-11T20:26:53","modified_gmt":"2024-04-11T23:26:53","slug":"prefeitura-intensifica-trabalho-de-podas-preventivas-de-arvores-no-periodo-noturno","status":"publish","type":"post","link":"https:\/\/diarioregionaldigital.com.br\/?p=222127","title":{"rendered":"Prefeitura intensifica trabalho de podas preventivas de \u00e1rvores no per\u00edodo noturno"},"content":{"rendered":"<p>Segundo informa\u00e7\u00f5es do site da Prefeitura de Juiz de Fora (PJF), <span style=\"color: #333333; font-size: 16px;\">a PJF intensificou as a\u00e7\u00f5es de podas preventivas de \u00e1rvores, principalmente no per\u00edodo noturno, com o fim da temporada de chuvas. Somente neste ano, entre os meses de janeiro e mar\u00e7o, quase 2.500 podas foram realizadas. Deste total, mais de 20% das a\u00e7\u00f5es aconteceram durante a noite.\u00a0<\/span><\/p>\n<div id=\"box_texto_noticia\">\n<div><\/div>\n<div>A atua\u00e7\u00e3o das equipes noturnas facilita a execu\u00e7\u00e3o das podas em vias de grande fluxo, principalmente na regi\u00e3o central, causando menos impacto no tr\u00e2nsito. Os trabalhos, realizados pela Empresa Municipal de Pavimenta\u00e7\u00e3o e Urbanidades (Empav), acontecem todos os dias, atendendo a diversas regi\u00f5es da cidade.\n<\/div>\n<div>Apenas nos dez primeiros dias de abril j\u00e1 foram contabilizados 339 atendimentos totais. O servi\u00e7o segue com foco na seguran\u00e7a da popula\u00e7\u00e3o, evitando a queda de troncos e galhos, melhorando a visibilidade e contribuindo para o desenvolvimento saud\u00e1vel das esp\u00e9cies.\n<\/div>\n<div>As a\u00e7\u00f5es seguem em andamento na cidade e a programa\u00e7\u00e3o di\u00e1ria completa pode ser conferida na p\u00e1gina do Gabinete de A\u00e7\u00e3o e Di\u00e1logo Comunit\u00e1rio atrav\u00e9s do<a href=\"https:\/\/www.pjf.mg.gov.br\/gabinetecomunitario\/#onde\" target=\"_blank\" rel=\"noopener\">\u00a0<strong>link<\/strong><\/a>. Para solicitar servi\u00e7os de zeladoria em vias p\u00fablicas, como tapa-buracos, poda e corte de \u00e1rvores, limpeza de pra\u00e7as, trocas de l\u00e2mpada e outros, entre em contato com o Gabinete de A\u00e7\u00e3o e Di\u00e1logo Comunit\u00e1rio, atrav\u00e9s do telefone (32) 3690-7241 (liga\u00e7\u00e3o ou WhatsApp).<\/div>\n<\/div>\n<p>&nbsp;<\/p>\n<div id=\"box_compartilhar\" align=\"right\"><\/div>\n","protected":false},"excerpt":{"rendered":"<p>Segundo informa\u00e7\u00f5es do site da Prefeitura de Juiz de Fora (PJF), a PJF intensificou as a\u00e7\u00f5es de podas preventivas de \u00e1rvores, principalmente no per\u00edodo noturno, com o fim da temporada de chuvas. Somente neste ano, entre os meses de janeiro e mar\u00e7o, quase 2.500 podas foram realizadas. Deste total, mais de 20% das a\u00e7\u00f5es aconteceram [&hellip;]<\/p>\n","protected":false},"author":246,"featured_media":222128,"comment_status":"closed","ping_status":"closed","sticky":false,"template":"","format":"standard","meta":{"footnotes":""},"categories":[253,436,440,439],"tags":[],"class_list":["post-222127","post","type-post","status-publish","format-standard","has-post-thumbnail","hentry","category-cidade","category-destaque-da-semana","category-destaques-do-dia","category-ultima-hora"],"_links":{"self":[{"href":"https:\/\/diarioregionaldigital.com.br\/index.php?rest_route=\/wp\/v2\/posts\/222127","targetHints":{"allow":["GET"]}}],"collection":[{"href":"https:\/\/diarioregionaldigital.com.br\/index.php?rest_route=\/wp\/v2\/posts"}],"about":[{"href":"https:\/\/diarioregionaldigital.com.br\/index.php?rest_route=\/wp\/v2\/types\/post"}],"author":[{"embeddable":true,"href":"https:\/\/diarioregionaldigital.com.br\/index.php?rest_route=\/wp\/v2\/users\/246"}],"replies":[{"embeddable":true,"href":"https:\/\/diarioregionaldigital.com.br\/index.php?rest_route=%2Fwp%2Fv2%2Fcomments&post=222127"}],"version-history":[{"count":1,"href":"https:\/\/diarioregionaldigital.com.br\/index.php?rest_route=\/wp\/v2\/posts\/222127\/revisions"}],"predecessor-version":[{"id":222129,"href":"https:\/\/diarioregionaldigital.com.br\/index.php?rest_route=\/wp\/v2\/posts\/222127\/revisions\/222129"}],"wp:featuredmedia":[{"embeddable":true,"href":"https:\/\/diarioregionaldigital.com.br\/index.php?rest_route=\/wp\/v2\/media\/222128"}],"wp:attachment":[{"href":"https:\/\/diarioregionaldigital.com.br\/index.php?rest_route=%2Fwp%2Fv2%2Fmedia&parent=222127"}],"wp:term":[{"taxonomy":"category","embeddable":true,"href":"https:\/\/diarioregionaldigital.com.br\/index.php?rest_route=%2Fwp%2Fv2%2Fcategories&post=222127"},{"taxonomy":"post_tag","embeddable":true,"href":"https:\/\/diarioregionaldigital.com.br\/index.php?rest_route=%2Fwp%2Fv2%2Ftags&post=222127"}],"curies":[{"name":"wp","href":"https:\/\/api.w.org\/{rel}","templated":true}]}}