{"id":222115,"date":"2024-04-11T19:12:55","date_gmt":"2024-04-11T22:12:55","guid":{"rendered":"https:\/\/diarioregionaldigital.com.br\/?p=222115"},"modified":"2024-04-11T19:12:55","modified_gmt":"2024-04-11T22:12:55","slug":"aviso-de-licitacao-n-032-2024-11-04-2024","status":"publish","type":"post","link":"https:\/\/diarioregionaldigital.com.br\/?p=222115","title":{"rendered":"AVISO DE LICITA\u00c7\u00c3O N\u00b0 032\/2024 &#8211; 11\/04\/2024"},"content":{"rendered":"<p class=\"s4\" style=\"text-align: center;\"><span class=\"s5\"><span class=\"bumpedFont15\">PREFEITURA MUNICIPAL DE DESCOBERTO<\/span><\/span><\/p>\n<p class=\"s4\" style=\"text-align: center;\">\n<p class=\"s4\" style=\"text-align: center;\"><span class=\"s5\"><span class=\"bumpedFont15\">AVISO DE LICITA\u00c7\u00c3O<\/span><\/span><\/p>\n<p class=\"s4\" style=\"text-align: center;\">\n<p class=\"s4\" style=\"text-align: center;\"><span class=\"s5\"><span class=\"bumpedFont15\">Licita\u00e7\u00e3o n\u00b0 0<\/span><\/span><span class=\"s5\"><span class=\"bumpedFont15\">3<\/span><\/span><span class=\"s5\"><span class=\"bumpedFont15\">2<\/span><\/span><span class=\"s5\"><span class=\"bumpedFont15\">\/202<\/span><\/span><span class=\"s5\"><span class=\"bumpedFont15\">4<\/span><\/span><\/p>\n<p class=\"s4\" style=\"text-align: center;\"><span class=\"s5\"><span class=\"bumpedFont15\">Modalidade de Preg\u00e3o Presencial n\u00b0 0<\/span><\/span><span class=\"s5\"><span class=\"bumpedFont15\">1<\/span><\/span><span class=\"s5\"><span class=\"bumpedFont15\">2<\/span><\/span><span class=\"s5\"><span class=\"bumpedFont15\">\/202<\/span><\/span><span class=\"s5\"><span class=\"bumpedFont15\">4<\/span><\/span><\/p>\n<p class=\"s10\" style=\"text-align: center;\"><span class=\"s6\"><span class=\"bumpedFont15\">O Munic\u00edpio de DESCOBERTO, na forma da lei, faz saber a todos quantos o presente edital virem, ou dele conhecimento tiverem, que a par<\/span><\/span><span class=\"s6\"><span class=\"bumpedFont15\">tir das <\/span><\/span><span class=\"s6\"><span class=\"bumpedFont15\">09:00<\/span><\/span><span class=\"s6\"><span class=\"bumpedFont15\">h do dia <\/span><\/span><span class=\"s6\"><span class=\"bumpedFont15\">25<\/span><\/span><span class=\"s6\"><span class=\"bumpedFont15\"> de <\/span><\/span><span class=\"s6\"><span class=\"bumpedFont15\">abril<\/span><\/span><span class=\"s6\"><span class=\"bumpedFont15\"> de 202<\/span><\/span><span class=\"s6\"><span class=\"bumpedFont15\">4<\/span><\/span><span class=\"s6\"><span class=\"bumpedFont15\">, na Prefeitura Municipal na sala da comiss\u00e3o de licita\u00e7\u00e3o, localizada na rua CAPIT\u00c3O BAS\u00cdLIO, n\u00b0 39, bairro CENTRO, munic\u00edpio de DESCOBERTO, ser\u00e1 realizada licita\u00e7\u00e3o <\/span><\/span><span class=\"s6\"><span class=\"bumpedFont15\">na modalidade PREG\u00c3O PRESENCIAL, objetivando o<\/span><\/span> <span class=\"s6\"><span class=\"bumpedFont15\">R<\/span><\/span><span class=\"s6\"><span class=\"bumpedFont15\">EGISTRO DE PRE\u00c7OS PARA A CONTRATA\u00c7\u00c3O DE <\/span><\/span><span class=\"s6\"><span class=\"bumpedFont15\">EMPRESA PARA FORNECIMENTO DE BALA DE OXIG\u00caNIO E ALUGUEL DE CONCENTRADOR DE OXIG\u00caNIO PARA ATENDER AS NECESSIDADES<\/span><\/span><span class=\"s6\"><span class=\"bumpedFont15\"> DO MUNIC\u00cdPIO<\/span><\/span> <span class=\"s6\"><span class=\"bumpedFont15\">DE<\/span><\/span> <span class=\"s6\"><span class=\"bumpedFont15\">DESCOBERTO \u2013 MG<\/span><\/span><span class=\"s6\"><span class=\"bumpedFont15\">, <\/span><\/span><span class=\"s6\"><span class=\"bumpedFont15\">tipo Menor Pre\u00e7o por Item<\/span><\/span><span class=\"s6\"><span class=\"bumpedFont15\">, <\/span><\/span><span class=\"s6\"><span class=\"bumpedFont15\">conforme consta no edital que se encontra \u00a0<\/span><\/span><span class=\"s6\"><span class=\"bumpedFont15\">a disposi\u00e7\u00e3o de todos \u00a0os interessados na Prefeitura Municipal, onde poder\u00e3o obt\u00ea-lo<\/span><\/span> <span class=\"s6\"><span class=\"bumpedFont15\">ou atrav\u00e9s do site<\/span><\/span> <a href=\"http:\/\/www.descoberto.mg.gov.br\/\"><span class=\"s8\"><span class=\"bumpedFont15\">http:\/\/www.descoberto.mg.go<\/span><\/span><span class=\"s8\"><span class=\"bumpedFont15\">v<\/span><\/span><span class=\"s8\"><span class=\"bumpedFont15\">.br<\/span><\/span><\/a> <span class=\"s6\"><span class=\"bumpedFont15\">. Para conhecimento de todos os interessados, expediu-se o presente que <\/span><\/span><span class=\"s6\"><span class=\"bumpedFont15\">se<\/span><\/span><span class=\"s6\"><span class=\"bumpedFont15\">r\u00e1 afixado no lugar de costume, publicando-se na forma da lei. DESCOBERTO, <\/span><\/span><span class=\"s6\"><span class=\"bumpedFont15\">10<\/span><\/span><span class=\"s6\"><span class=\"bumpedFont15\"> de <\/span><\/span><span class=\"s6\"><span class=\"bumpedFont15\">a<\/span><\/span><span class=\"s6\"><span class=\"bumpedFont15\">bril<\/span><\/span><span class=\"s6\"><span class=\"bumpedFont15\"> de 202<\/span><\/span><span class=\"s6\"><span class=\"bumpedFont15\">4<\/span><\/span><span class=\"s6\"><span class=\"bumpedFont15\">.<\/span><\/span><\/p>\n<p class=\"s10\" style=\"text-align: center;\">\n<p class=\"s10\" style=\"text-align: center;\"><span class=\"s6\"><span class=\"bumpedFont15\">.<\/span><\/span><\/p>\n<p class=\"s4\" style=\"text-align: center;\"><span class=\"s11\"><span class=\"bumpedFont15\">_______________________________________________________________<\/span><\/span><\/p>\n<p class=\"s4\" style=\"text-align: center;\"><span class=\"s11\"><span class=\"bumpedFont15\">Rua: Capit\u00e3o Bas\u00edlio n\u00ba 39 &#8211; Ce<\/span><\/span><span class=\"s11\"><span class=\"bumpedFont15\">nt<\/span><\/span><span class=\"s11\"><span class=\"bumpedFont15\">ro &#8211; Descoberto &#8211; MG &#8211; Cep 36690-000<\/span><\/span><\/p>\n<p class=\"s4\" style=\"text-align: center;\"><span class=\"s11\"><span class=\"bumpedFont15\">Tele-fax (32)<\/span><\/span><span class=\"s11\"><span class=\"bumpedFont15\"> 3265-1<\/span><\/span><span class=\"s11\"><span class=\"bumpedFont15\">740 \u2013 e-mail: <\/span><\/span><span class=\"s11\"><span class=\"bumpedFont15\">licitaca<\/span><\/span><span class=\"s11\"><span class=\"bumpedFont15\">o@descoberto.mg.gov.br<\/span><\/span><\/p>\n","protected":false},"excerpt":{"rendered":"<p>PREFEITURA MUNICIPAL DE DESCOBERTO AVISO DE LICITA\u00c7\u00c3O Licita\u00e7\u00e3o n\u00b0 032\/2024 Modalidade de Preg\u00e3o Presencial n\u00b0 012\/2024 O Munic\u00edpio de DESCOBERTO, na forma da lei, faz saber a todos quantos o presente edital virem, ou dele conhecimento tiverem, que a partir das 09:00h do dia 25 de abril de 2024, na Prefeitura Municipal na sala da [&hellip;]<\/p>\n","protected":false},"author":246,"featured_media":0,"comment_status":"closed","ping_status":"closed","sticky":false,"template":"","format":"standard","meta":{"footnotes":""},"categories":[307],"tags":[],"class_list":["post-222115","post","type-post","status-publish","format-standard","hentry","category-editais"],"_links":{"self":[{"href":"https:\/\/diarioregionaldigital.com.br\/index.php?rest_route=\/wp\/v2\/posts\/222115","targetHints":{"allow":["GET"]}}],"collection":[{"href":"https:\/\/diarioregionaldigital.com.br\/index.php?rest_route=\/wp\/v2\/posts"}],"about":[{"href":"https:\/\/diarioregionaldigital.com.br\/index.php?rest_route=\/wp\/v2\/types\/post"}],"author":[{"embeddable":true,"href":"https:\/\/diarioregionaldigital.com.br\/index.php?rest_route=\/wp\/v2\/users\/246"}],"replies":[{"embeddable":true,"href":"https:\/\/diarioregionaldigital.com.br\/index.php?rest_route=%2Fwp%2Fv2%2Fcomments&post=222115"}],"version-history":[{"count":1,"href":"https:\/\/diarioregionaldigital.com.br\/index.php?rest_route=\/wp\/v2\/posts\/222115\/revisions"}],"predecessor-version":[{"id":222116,"href":"https:\/\/diarioregionaldigital.com.br\/index.php?rest_route=\/wp\/v2\/posts\/222115\/revisions\/222116"}],"wp:attachment":[{"href":"https:\/\/diarioregionaldigital.com.br\/index.php?rest_route=%2Fwp%2Fv2%2Fmedia&parent=222115"}],"wp:term":[{"taxonomy":"category","embeddable":true,"href":"https:\/\/diarioregionaldigital.com.br\/index.php?rest_route=%2Fwp%2Fv2%2Fcategories&post=222115"},{"taxonomy":"post_tag","embeddable":true,"href":"https:\/\/diarioregionaldigital.com.br\/index.php?rest_route=%2Fwp%2Fv2%2Ftags&post=222115"}],"curies":[{"name":"wp","href":"https:\/\/api.w.org\/{rel}","templated":true}]}}