{"id":222095,"date":"2024-04-10T20:35:52","date_gmt":"2024-04-10T23:35:52","guid":{"rendered":"https:\/\/diarioregionaldigital.com.br\/?p=222095"},"modified":"2024-04-10T20:35:52","modified_gmt":"2024-04-10T23:35:52","slug":"pjf-da-inicio-a-regularizacao-fundiaria-em-novas-areas","status":"publish","type":"post","link":"https:\/\/diarioregionaldigital.com.br\/?p=222095","title":{"rendered":"PJF d\u00e1 in\u00edcio a Regulariza\u00e7\u00e3o Fundi\u00e1ria em novas \u00e1reas"},"content":{"rendered":"<p>Segundo informa\u00e7\u00f5es do site da Prefeitura de Juiz de Fora (PJF), a PJF, por meio da Companhia Municipal de Habita\u00e7\u00e3o e Inclus\u00e3o Produtiva (Emcasa), iniciou o processo de regulariza\u00e7\u00e3o fundi\u00e1ria em novas \u00e1reas da cidade, al\u00e9m de avan\u00e7os significativos nos processos em andamento. Este marco representa um compromisso cont\u00ednuo com o desenvolvimento urbano inclusivo e sustent\u00e1vel na regi\u00e3o.<\/p>\n<p>A Emcasa iniciou a terceira fase do contrato de Regulariza\u00e7\u00e3o Fundi\u00e1ria Urbana (REURB-S) de 1.500 unidades habitacionais, com o objetivo de proporcionar seguran\u00e7a jur\u00eddica e melhorias urban\u00edsticas para os moradores locais.<\/p>\n<p>Na noite de ter\u00e7a-feira, 9, houve a primeira reuni\u00e3o de mobiliza\u00e7\u00e3o com a comunidade da Vila dos Sonhos, no bairro Grama, para o in\u00edcio dos trabalhos na regi\u00e3o.<\/p>\n<p><strong>Outras Novas \u00c1reas<\/strong><\/p>\n<p>&#8211; Regi\u00e3o Nordeste: Rua Franklin Soares &#8211; Leito Leopoldina I\/Parque Independ\u00eancia<\/p>\n<p>&#8211; Regi\u00e3o Noroeste: Rua do Vale\/Santa L\u00facia e Nova Era II<\/p>\n<p>&#8211; Regi\u00e3o Oeste: Encosta do Borboleta, Rua Luiz Audebert Delage<\/p>\n<p>Estas iniciativas refletem o comprometimento da Prefeitura de Juiz de Fora em garantir o direito \u00e0 moradia adequada para todos os seus cidad\u00e3os, promovendo o desenvolvimento urbano equitativo e sustent\u00e1vel.<\/p>\n<p><strong>Sobre a Emcasa<\/strong><\/p>\n<p>A Companhia Municipal de Habita\u00e7\u00e3o e Inclus\u00e3o Produtiva \u00e9 respons\u00e1vel por coordenar e implementar pol\u00edticas habitacionais e de inclus\u00e3o produtiva em Juiz de Fora, visando garantir o acesso \u00e0 moradia digna e promover o desenvolvimento sustent\u00e1vel da cidade.<\/p>\n","protected":false},"excerpt":{"rendered":"<p>Segundo informa\u00e7\u00f5es do site da Prefeitura de Juiz de Fora (PJF), a PJF, por meio da Companhia Municipal de Habita\u00e7\u00e3o e Inclus\u00e3o Produtiva (Emcasa), iniciou o processo de regulariza\u00e7\u00e3o fundi\u00e1ria em novas \u00e1reas da cidade, al\u00e9m de avan\u00e7os significativos nos processos em andamento. Este marco representa um compromisso cont\u00ednuo com o desenvolvimento urbano inclusivo e [&hellip;]<\/p>\n","protected":false},"author":246,"featured_media":222096,"comment_status":"closed","ping_status":"closed","sticky":false,"template":"","format":"standard","meta":{"footnotes":""},"categories":[253,436,439],"tags":[],"class_list":["post-222095","post","type-post","status-publish","format-standard","has-post-thumbnail","hentry","category-cidade","category-destaque-da-semana","category-ultima-hora"],"_links":{"self":[{"href":"https:\/\/diarioregionaldigital.com.br\/index.php?rest_route=\/wp\/v2\/posts\/222095","targetHints":{"allow":["GET"]}}],"collection":[{"href":"https:\/\/diarioregionaldigital.com.br\/index.php?rest_route=\/wp\/v2\/posts"}],"about":[{"href":"https:\/\/diarioregionaldigital.com.br\/index.php?rest_route=\/wp\/v2\/types\/post"}],"author":[{"embeddable":true,"href":"https:\/\/diarioregionaldigital.com.br\/index.php?rest_route=\/wp\/v2\/users\/246"}],"replies":[{"embeddable":true,"href":"https:\/\/diarioregionaldigital.com.br\/index.php?rest_route=%2Fwp%2Fv2%2Fcomments&post=222095"}],"version-history":[{"count":1,"href":"https:\/\/diarioregionaldigital.com.br\/index.php?rest_route=\/wp\/v2\/posts\/222095\/revisions"}],"predecessor-version":[{"id":222097,"href":"https:\/\/diarioregionaldigital.com.br\/index.php?rest_route=\/wp\/v2\/posts\/222095\/revisions\/222097"}],"wp:featuredmedia":[{"embeddable":true,"href":"https:\/\/diarioregionaldigital.com.br\/index.php?rest_route=\/wp\/v2\/media\/222096"}],"wp:attachment":[{"href":"https:\/\/diarioregionaldigital.com.br\/index.php?rest_route=%2Fwp%2Fv2%2Fmedia&parent=222095"}],"wp:term":[{"taxonomy":"category","embeddable":true,"href":"https:\/\/diarioregionaldigital.com.br\/index.php?rest_route=%2Fwp%2Fv2%2Fcategories&post=222095"},{"taxonomy":"post_tag","embeddable":true,"href":"https:\/\/diarioregionaldigital.com.br\/index.php?rest_route=%2Fwp%2Fv2%2Ftags&post=222095"}],"curies":[{"name":"wp","href":"https:\/\/api.w.org\/{rel}","templated":true}]}}