{"id":222009,"date":"2024-04-03T17:28:45","date_gmt":"2024-04-03T20:28:45","guid":{"rendered":"https:\/\/diarioregionaldigital.com.br\/?p=222009"},"modified":"2024-04-03T17:29:05","modified_gmt":"2024-04-03T20:29:05","slug":"mais-de-300-vias-sao-atendidas-pela-operacao-tapa-buracos-em-marco","status":"publish","type":"post","link":"https:\/\/diarioregionaldigital.com.br\/?p=222009","title":{"rendered":"Mais de 300 vias s\u00e3o atendidas pela opera\u00e7\u00e3o tapa-buracos em mar\u00e7o"},"content":{"rendered":"<p>Segundo informa\u00e7\u00f5es do site da Prefeitura de Juiz de Fora (PJF), durante o m\u00eas de mar\u00e7o, as equipes da opera\u00e7\u00e3o tapa-buracos da Prefeitura de Juiz de Fora (PJF) atuaram em cem bairros da cidade. No per\u00edodo, mais de 300 vias foram atendidas, com a aplica\u00e7\u00e3o de cerca de 2700 toneladas de massa asf\u00e1ltica. Mais de 6.000 recomposi\u00e7\u00f5es asf\u00e1lticas foram realizadas, tornando o tr\u00e2nsito de ve\u00edculos na cidade ainda mais seguro e confort\u00e1vel.<\/p>\n<p>A Empresa Municipal de Pavimenta\u00e7\u00e3o e Urbanidades (Empav) realizou os servi\u00e7os em avenidas de grande circula\u00e7\u00e3o do munic\u00edpio como JK, Andradas, Oleg\u00e1rio Maciel, Santa Luzia e na Estrada Engenheiro Gentil Forn. Al\u00e9m disso, bairros de todas as regi\u00f5es de Juiz de Fora receberam os trabalhos, assim como estradas de acesso aos distritos de Caet\u00e9, Dias Tavares e Pires.<br \/>\nAs a\u00e7\u00f5es seguem em andamento na cidade e a programa\u00e7\u00e3o di\u00e1ria completa pode ser conferida na p\u00e1gina do Gabinete de A\u00e7\u00e3o e Di\u00e1logo Comunit\u00e1rio atrav\u00e9s do<a href=\"https:\/\/www.pjf.mg.gov.br\/gabinetecomunitario\/#onde\" target=\"_blank\" rel=\"noopener\">\u00a0<strong>link<\/strong><\/a>. Para solicitar servi\u00e7os de zeladoria em vias p\u00fablicas, como tapa-buracos, poda e corte de \u00e1rvores, limpeza de pra\u00e7as, trocas de l\u00e2mpada e outros, entre em contato com o Gabinete de A\u00e7\u00e3o e Di\u00e1logo Comunit\u00e1rio, atrav\u00e9s do telefone (32) 3690-7241 (liga\u00e7\u00e3o ou WhatsApp).<\/p>\n","protected":false},"excerpt":{"rendered":"<p>Segundo informa\u00e7\u00f5es do site da Prefeitura de Juiz de Fora (PJF), durante o m\u00eas de mar\u00e7o, as equipes da opera\u00e7\u00e3o tapa-buracos da Prefeitura de Juiz de Fora (PJF) atuaram em cem bairros da cidade. No per\u00edodo, mais de 300 vias foram atendidas, com a aplica\u00e7\u00e3o de cerca de 2700 toneladas de massa asf\u00e1ltica. Mais de [&hellip;]<\/p>\n","protected":false},"author":246,"featured_media":222010,"comment_status":"closed","ping_status":"closed","sticky":false,"template":"","format":"standard","meta":{"footnotes":""},"categories":[253,436,440,439],"tags":[],"class_list":["post-222009","post","type-post","status-publish","format-standard","has-post-thumbnail","hentry","category-cidade","category-destaque-da-semana","category-destaques-do-dia","category-ultima-hora"],"_links":{"self":[{"href":"https:\/\/diarioregionaldigital.com.br\/index.php?rest_route=\/wp\/v2\/posts\/222009","targetHints":{"allow":["GET"]}}],"collection":[{"href":"https:\/\/diarioregionaldigital.com.br\/index.php?rest_route=\/wp\/v2\/posts"}],"about":[{"href":"https:\/\/diarioregionaldigital.com.br\/index.php?rest_route=\/wp\/v2\/types\/post"}],"author":[{"embeddable":true,"href":"https:\/\/diarioregionaldigital.com.br\/index.php?rest_route=\/wp\/v2\/users\/246"}],"replies":[{"embeddable":true,"href":"https:\/\/diarioregionaldigital.com.br\/index.php?rest_route=%2Fwp%2Fv2%2Fcomments&post=222009"}],"version-history":[{"count":1,"href":"https:\/\/diarioregionaldigital.com.br\/index.php?rest_route=\/wp\/v2\/posts\/222009\/revisions"}],"predecessor-version":[{"id":222011,"href":"https:\/\/diarioregionaldigital.com.br\/index.php?rest_route=\/wp\/v2\/posts\/222009\/revisions\/222011"}],"wp:featuredmedia":[{"embeddable":true,"href":"https:\/\/diarioregionaldigital.com.br\/index.php?rest_route=\/wp\/v2\/media\/222010"}],"wp:attachment":[{"href":"https:\/\/diarioregionaldigital.com.br\/index.php?rest_route=%2Fwp%2Fv2%2Fmedia&parent=222009"}],"wp:term":[{"taxonomy":"category","embeddable":true,"href":"https:\/\/diarioregionaldigital.com.br\/index.php?rest_route=%2Fwp%2Fv2%2Fcategories&post=222009"},{"taxonomy":"post_tag","embeddable":true,"href":"https:\/\/diarioregionaldigital.com.br\/index.php?rest_route=%2Fwp%2Fv2%2Ftags&post=222009"}],"curies":[{"name":"wp","href":"https:\/\/api.w.org\/{rel}","templated":true}]}}