{"id":221984,"date":"2024-04-02T18:41:24","date_gmt":"2024-04-02T21:41:24","guid":{"rendered":"https:\/\/diarioregionaldigital.com.br\/?p=221984"},"modified":"2024-04-02T18:41:24","modified_gmt":"2024-04-02T21:41:24","slug":"juiz-de-fora-ocupa-8a-colocacao-e-alcanca-sua-melhor-marca-do-ranking-de-formalizacoes-do-estado","status":"publish","type":"post","link":"https:\/\/diarioregionaldigital.com.br\/?p=221984","title":{"rendered":"Juiz de Fora ocupa 8\u00aa coloca\u00e7\u00e3o e alcan\u00e7a sua melhor marca do ranking de formaliza\u00e7\u00f5es do estado"},"content":{"rendered":"<div id=\"box_texto_noticia\">\n<div>Segundo informa\u00e7\u00f5es do site da Prefeitura de Juiz de Fora (PJF),\u00a0 Juiz de Fora alcan\u00e7ou a melhor marca da hist\u00f3ria e ocupa a 8\u00aa posi\u00e7\u00e3o do ranking de formaliza\u00e7\u00f5es publicado pela Junta Comercial do Estado de Minas Gerais (Jucemg), referente ao m\u00eas de mar\u00e7o. Em rela\u00e7\u00e3o ao mesmo per\u00edodo do ano passado, a cidade subiu 85 posi\u00e7\u00f5es, registrando 180 formaliza\u00e7\u00f5es, em um prazo de 14 horas e cinco minutos.\n<\/div>\n<div>Em rela\u00e7\u00e3o a fevereiro de 2024, a cidade avan\u00e7ou 13 posi\u00e7\u00f5es, confirmando a evolu\u00e7\u00e3o do servi\u00e7o prestado pela Sala do Empreendedor e a integra\u00e7\u00e3o com os demais setores envolvidos no processo de licenciamento de novas empresas, como a Secretaria da Fazenda (SF) da Prefeitura de Juiz de Fora (PJF).\n<\/div>\n<div>Para o coordenador da Sala do Empreendedor, Jo\u00e3o Paulo Xavier Pires, \u201cem Juiz de Fora, o processo de an\u00e1lise \u00e9 manual, realizado na Sala. No entanto, nesta edi\u00e7\u00e3o, ultrapassamos cidades que j\u00e1 possuem processos automatizados, al\u00e9m das maiores cidades do estado, como Uberl\u00e2ndia (10\u00aa); Belo Horizonte (33\u00aa) e Contagem (133\u00aa). Isso refor\u00e7a a import\u00e2ncia do equipamento e da dedica\u00e7\u00e3o de todos os funcion\u00e1rios, que \u00e9 o diferencial para o bom desempenho\u201d, destaca.<\/div>\n<\/div>\n<p>&nbsp;<\/p>\n<div class=\"texto_anexo\"><img loading=\"lazy\" decoding=\"async\" src=\"https:\/\/www.pjf.mg.gov.br\/imagens\/clips.jpg\" width=\"22\" height=\"20\" \/>\u00a0<a href=\"https:\/\/www.pjf.mg.gov.br\/noticias\/anexo\/Ranking03-2024.pdf\" target=\"_blank\" rel=\"noopener\">Veja o anexo<\/a><\/div>\n","protected":false},"excerpt":{"rendered":"<p>Segundo informa\u00e7\u00f5es do site da Prefeitura de Juiz de Fora (PJF),\u00a0 Juiz de Fora alcan\u00e7ou a melhor marca da hist\u00f3ria e ocupa a 8\u00aa posi\u00e7\u00e3o do ranking de formaliza\u00e7\u00f5es publicado pela Junta Comercial do Estado de Minas Gerais (Jucemg), referente ao m\u00eas de mar\u00e7o. Em rela\u00e7\u00e3o ao mesmo per\u00edodo do ano passado, a cidade subiu [&hellip;]<\/p>\n","protected":false},"author":246,"featured_media":221986,"comment_status":"closed","ping_status":"closed","sticky":false,"template":"","format":"standard","meta":{"footnotes":""},"categories":[253,436,439],"tags":[],"class_list":["post-221984","post","type-post","status-publish","format-standard","has-post-thumbnail","hentry","category-cidade","category-destaque-da-semana","category-ultima-hora"],"_links":{"self":[{"href":"https:\/\/diarioregionaldigital.com.br\/index.php?rest_route=\/wp\/v2\/posts\/221984","targetHints":{"allow":["GET"]}}],"collection":[{"href":"https:\/\/diarioregionaldigital.com.br\/index.php?rest_route=\/wp\/v2\/posts"}],"about":[{"href":"https:\/\/diarioregionaldigital.com.br\/index.php?rest_route=\/wp\/v2\/types\/post"}],"author":[{"embeddable":true,"href":"https:\/\/diarioregionaldigital.com.br\/index.php?rest_route=\/wp\/v2\/users\/246"}],"replies":[{"embeddable":true,"href":"https:\/\/diarioregionaldigital.com.br\/index.php?rest_route=%2Fwp%2Fv2%2Fcomments&post=221984"}],"version-history":[{"count":1,"href":"https:\/\/diarioregionaldigital.com.br\/index.php?rest_route=\/wp\/v2\/posts\/221984\/revisions"}],"predecessor-version":[{"id":221987,"href":"https:\/\/diarioregionaldigital.com.br\/index.php?rest_route=\/wp\/v2\/posts\/221984\/revisions\/221987"}],"wp:featuredmedia":[{"embeddable":true,"href":"https:\/\/diarioregionaldigital.com.br\/index.php?rest_route=\/wp\/v2\/media\/221986"}],"wp:attachment":[{"href":"https:\/\/diarioregionaldigital.com.br\/index.php?rest_route=%2Fwp%2Fv2%2Fmedia&parent=221984"}],"wp:term":[{"taxonomy":"category","embeddable":true,"href":"https:\/\/diarioregionaldigital.com.br\/index.php?rest_route=%2Fwp%2Fv2%2Fcategories&post=221984"},{"taxonomy":"post_tag","embeddable":true,"href":"https:\/\/diarioregionaldigital.com.br\/index.php?rest_route=%2Fwp%2Fv2%2Ftags&post=221984"}],"curies":[{"name":"wp","href":"https:\/\/api.w.org\/{rel}","templated":true}]}}