{"id":221929,"date":"2024-03-27T20:01:06","date_gmt":"2024-03-27T23:01:06","guid":{"rendered":"https:\/\/diarioregionaldigital.com.br\/?p=221929"},"modified":"2024-03-27T20:01:06","modified_gmt":"2024-03-27T23:01:06","slug":"interdicoes-no-transito-procissoes-prosseguem-ate-domingo-de-pascoa","status":"publish","type":"post","link":"https:\/\/diarioregionaldigital.com.br\/?p=221929","title":{"rendered":"Interdi\u00e7\u00f5es no tr\u00e2nsito \u2013 Prociss\u00f5es prosseguem at\u00e9 Domingo de P\u00e1scoa"},"content":{"rendered":"<p>Segundo informa\u00e7\u00f5es do site da Prefeitura de Juiz de Fora (PJF), as celebra\u00e7\u00f5es cat\u00f3licas da Semana Santa ter\u00e3o diversas prociss\u00f5es com interdi\u00e7\u00f5es tempor\u00e1rias do tr\u00e2nsito at\u00e9 o pr\u00f3ximo domingo, 31. Nos deslocamentos com maior n\u00famero de pessoas, os agentes de tr\u00e2nsito da Secretaria de Mobilidade Urbana (SMU) v\u00e3o acompanhar todo o trajeto, realizando as interven\u00e7\u00f5es necess\u00e1rias no tr\u00e2nsito e garantindo a seguran\u00e7a dos fieis.<\/p>\n<div id=\"box_texto_noticia\">\n<p>&nbsp;<\/p>\n<p><strong>Confira os locais que recebem prociss\u00f5es nos pr\u00f3ximos dias:<\/strong><\/p>\n<p>Dia 29, sexta-feira:<\/p>\n<p>&#8211; 9h \u00e0s 12h: Pra\u00e7a de Santa Luzia &#8211; Pra\u00e7a Padre Geraldo Felzeps<\/p>\n<p>&#8211; 19h \u00e0s 21h: Rua Amamba\u00ed, Monte Castelo<\/p>\n<p>&#8211; 19h30 \u00e0s 22h: Prociss\u00e3o saindo da igreja localizada na Av. Juscelino Kubitschek, 790, Francisco Bernardino, seguindo pelas ruas Tom\u00e1z Gonzaga, Bertha Halfeld Paleta, Manoel Diniz da Silva, Prof\u00ba Meton de Alencar, Ivan Batista de Oliveira, Dr. Milton Ladeira, Jatob\u00e1, Sapucaia chegando \u00e0 Comunidade Nossa Senhora da Miseric\u00f3rdia, localizada na Rua Sapucaia, 410 &#8211; Amaz\u00f4nia<\/p>\n<p>Dia 30, s\u00e1bado:<\/p>\n<p>&#8211; 18h \u00e0s 2h: Rua Prudente de Oliveira Sobrinho, ao lado da Igreja Cat\u00f3lica, Humait\u00e1<br \/>\nDia 31, domingo:<\/p>\n<p>&#8211; 6h \u00e0s 8h: Prociss\u00e3o saindo da Comunidade Nossa Senhora do Carmo, localizada na Rua Ant\u00f4nio Bernardo, 259, Jardim Natal<\/p>\n<p>&#8211; 7h \u00e0s 9h: Rua Amamba\u00ed, Monte Castelo<\/p>\n<p>&#8211; 7h \u00e0s 9h: Prociss\u00e3o saindo da Comunidade Nossa Senhora da Paz, localizada na Rua Jo\u00e3o Leite de Oliveira, 319, Francisco Bernardino<\/p>\n<p>&#8211; 8h30 \u00e0s 10h30: Prociss\u00e3o saindo da Comunidade Santa Clara, localizada na Rua Ivan Batista de Oliveira, 1115, Milho Branco<\/p>\n<p>&#8211; 17h45 \u00e0s 19h: Prociss\u00e3o saindo da Capela S\u00e3o Roque, na Avenida dos Andradas at\u00e9 a Igreja da Gl\u00f3ria<\/p>\n<p>&#8211; 18h30 \u00e0s 19h30: Rua Amamba\u00ed, Monte Castelo<\/p>\n<\/div>\n<p>&nbsp;<\/p>\n<div id=\"box_compartilhar\" align=\"right\"><\/div>\n","protected":false},"excerpt":{"rendered":"<p>Segundo informa\u00e7\u00f5es do site da Prefeitura de Juiz de Fora (PJF), as celebra\u00e7\u00f5es cat\u00f3licas da Semana Santa ter\u00e3o diversas prociss\u00f5es com interdi\u00e7\u00f5es tempor\u00e1rias do tr\u00e2nsito at\u00e9 o pr\u00f3ximo domingo, 31. Nos deslocamentos com maior n\u00famero de pessoas, os agentes de tr\u00e2nsito da Secretaria de Mobilidade Urbana (SMU) v\u00e3o acompanhar todo o trajeto, realizando as interven\u00e7\u00f5es [&hellip;]<\/p>\n","protected":false},"author":246,"featured_media":221930,"comment_status":"closed","ping_status":"closed","sticky":false,"template":"","format":"standard","meta":{"footnotes":""},"categories":[253,436,439],"tags":[],"class_list":["post-221929","post","type-post","status-publish","format-standard","has-post-thumbnail","hentry","category-cidade","category-destaque-da-semana","category-ultima-hora"],"_links":{"self":[{"href":"https:\/\/diarioregionaldigital.com.br\/index.php?rest_route=\/wp\/v2\/posts\/221929","targetHints":{"allow":["GET"]}}],"collection":[{"href":"https:\/\/diarioregionaldigital.com.br\/index.php?rest_route=\/wp\/v2\/posts"}],"about":[{"href":"https:\/\/diarioregionaldigital.com.br\/index.php?rest_route=\/wp\/v2\/types\/post"}],"author":[{"embeddable":true,"href":"https:\/\/diarioregionaldigital.com.br\/index.php?rest_route=\/wp\/v2\/users\/246"}],"replies":[{"embeddable":true,"href":"https:\/\/diarioregionaldigital.com.br\/index.php?rest_route=%2Fwp%2Fv2%2Fcomments&post=221929"}],"version-history":[{"count":1,"href":"https:\/\/diarioregionaldigital.com.br\/index.php?rest_route=\/wp\/v2\/posts\/221929\/revisions"}],"predecessor-version":[{"id":221931,"href":"https:\/\/diarioregionaldigital.com.br\/index.php?rest_route=\/wp\/v2\/posts\/221929\/revisions\/221931"}],"wp:featuredmedia":[{"embeddable":true,"href":"https:\/\/diarioregionaldigital.com.br\/index.php?rest_route=\/wp\/v2\/media\/221930"}],"wp:attachment":[{"href":"https:\/\/diarioregionaldigital.com.br\/index.php?rest_route=%2Fwp%2Fv2%2Fmedia&parent=221929"}],"wp:term":[{"taxonomy":"category","embeddable":true,"href":"https:\/\/diarioregionaldigital.com.br\/index.php?rest_route=%2Fwp%2Fv2%2Fcategories&post=221929"},{"taxonomy":"post_tag","embeddable":true,"href":"https:\/\/diarioregionaldigital.com.br\/index.php?rest_route=%2Fwp%2Fv2%2Ftags&post=221929"}],"curies":[{"name":"wp","href":"https:\/\/api.w.org\/{rel}","templated":true}]}}