{"id":221923,"date":"2024-03-27T19:52:13","date_gmt":"2024-03-27T22:52:13","guid":{"rendered":"https:\/\/diarioregionaldigital.com.br\/?p=221923"},"modified":"2024-03-27T19:52:13","modified_gmt":"2024-03-27T22:52:13","slug":"juiz-de-fora-bate-novo-recorde-na-geracao-de-empregos-no-bimestre-e-afirma-sua-vocacao-como-polo-logistico","status":"publish","type":"post","link":"https:\/\/diarioregionaldigital.com.br\/?p=221923","title":{"rendered":"Juiz de Fora bate novo recorde na gera\u00e7\u00e3o de empregos no bimestre e afirma sua voca\u00e7\u00e3o como polo log\u00edstico"},"content":{"rendered":"<p>Segundo informa\u00e7\u00f5es do site da Prefeitura de Juiz de Fora (PJF), Juiz de Fora gerou 915 postos de trabalho em fevereiro de 2024. O saldo \u00e9 resultado da diferen\u00e7a entre 6.718 admiss\u00f5es e 5.803 desligamentos realizados no per\u00edodo, conforme o Cadastro Geral de Empregados e Desempregados (Caged), divulgado nesta quarta-feira, 27, pelo Minist\u00e9rio do Trabalho e Emprego (MTE). Nos \u00faltimos 12 meses, o saldo \u00e9 de 4.668 vagas criadas, aumento de 38,80% em rela\u00e7\u00e3o aos 12 meses imediatamente anteriores.<\/p>\n<p>Em compara\u00e7\u00e3o com fevereiro de 2023, quando o saldo foi de 825, a cria\u00e7\u00e3o de postos de trabalho no m\u00eas foi 10,91% maior, 90 vagas criadas a mais. Este resultado de fevereiro representa o segundo melhor saldo para o m\u00eas desde o in\u00edcio da s\u00e9rie hist\u00f3rica. De 2020 a 2023, os saldos foram, respectivamente, 285, 560, 1.196 e 825. Em rela\u00e7\u00e3o ao acumulado do ano, Juiz de Fora registrou 1.132 novos empregos, o que representa o melhor saldo para o bimestre, tamb\u00e9m levando em considera\u00e7\u00e3o o in\u00edcio da s\u00e9rie hist\u00f3rica. De 2020 a 2023, os saldos foram -161, 374, 588 e 280, respectivamente.<\/p>\n<p>Em fevereiro, o Estoque (total de v\u00ednculos celetistas) na cidade chegou a 144.080, crescimento de 0,64% em rela\u00e7\u00e3o ao m\u00eas imediatamente anterior, janeiro de 2023. O setor que mais empregou no m\u00eas foi o de Servi\u00e7os, com saldo positivo de 533 postos de trabalho; seguido de Constru\u00e7\u00e3o, com 366 e Ind\u00fastria, 47. Nos setores de Com\u00e9rcio e Agropecu\u00e1ria, as demiss\u00f5es superaram as contrata\u00e7\u00f5es em -29 e -2 postos de trabalho, respectivamente. Em rela\u00e7\u00e3o ao acumulado dos \u00faltimos 12 meses, todos os setores apresentaram saldo positivo: Servi\u00e7os (+2.882), Com\u00e9rcio (+1.237), Constru\u00e7\u00e3o (+369), Ind\u00fastria (+173) e Agropecu\u00e1ria (7). J\u00e1 no cen\u00e1rio nacional, o Brasil criou 306.111 empregos formais no m\u00eas de fevereiro. Em Minas Gerais, o saldo total de empregos tamb\u00e9m ficou positivo, 35.980. Todos os setores apresentaram saldo positivo, tanto para o estado, quanto para o pa\u00eds.<\/p>\n<p>O secret\u00e1rio de Desenvolvimento Sustent\u00e1vel e Inclusivo, da Inova\u00e7\u00e3o e Competitividade (SEDIC), Ignacio Delgado, lembra que \u201c\u00e9 importante destacar o desempenho muito positivo do emprego em Juiz de Fora neste in\u00edcio de ano, per\u00edodo, em geral, marcado por certo arrefecimento na gera\u00e7\u00e3o de novas vagas, pelo peso do setor de servi\u00e7os na cidade, notadamente a educa\u00e7\u00e3o, que, em virtude das f\u00e9rias escolares e da redu\u00e7\u00e3o das atividades nas institui\u00e7\u00f5es de ensino superior, abrandam o potencial de consumo no munic\u00edpio, afetando o com\u00e9rcio, que, normalmente se recupera a partir de agora.\u201d<\/p>\n<p>Para o secret\u00e1rio, al\u00e9m do desempenho do conjunto do setor de servi\u00e7os na gera\u00e7\u00e3o de empregos, \u00e9 not\u00e1vel a participa\u00e7\u00e3o da constru\u00e7\u00e3o civil, que teve, em fevereiro de 2024, o melhor m\u00eas da s\u00e9rie hist\u00f3rica do Novo Caged. \u201cSe observarmos de forma desagregada os segmentos do setor, dos 366 postos do saldo apurado, 282 (77%) s\u00e3o de \u2018Servi\u00e7os Especializados para Constru\u00e7\u00e3o\u2019, com destaque para \u2018Obras de Terraplanagem\u2019, indicando que novos empreendimentos est\u00e3o sendo iniciados, n\u00e3o necessariamente dentro do pr\u00f3prio setor. A exemplo de condom\u00ednios log\u00edsticos e industriais com forte \u00edmpeto na cidade, que afirma, assim, sua voca\u00e7\u00e3o como polo log\u00edstico.\u201d<\/p>\n","protected":false},"excerpt":{"rendered":"<p>Segundo informa\u00e7\u00f5es do site da Prefeitura de Juiz de Fora (PJF), Juiz de Fora gerou 915 postos de trabalho em fevereiro de 2024. O saldo \u00e9 resultado da diferen\u00e7a entre 6.718 admiss\u00f5es e 5.803 desligamentos realizados no per\u00edodo, conforme o Cadastro Geral de Empregados e Desempregados (Caged), divulgado nesta quarta-feira, 27, pelo Minist\u00e9rio do Trabalho [&hellip;]<\/p>\n","protected":false},"author":246,"featured_media":221924,"comment_status":"closed","ping_status":"closed","sticky":false,"template":"","format":"standard","meta":{"footnotes":""},"categories":[253,436,440,439],"tags":[],"class_list":["post-221923","post","type-post","status-publish","format-standard","has-post-thumbnail","hentry","category-cidade","category-destaque-da-semana","category-destaques-do-dia","category-ultima-hora"],"_links":{"self":[{"href":"https:\/\/diarioregionaldigital.com.br\/index.php?rest_route=\/wp\/v2\/posts\/221923","targetHints":{"allow":["GET"]}}],"collection":[{"href":"https:\/\/diarioregionaldigital.com.br\/index.php?rest_route=\/wp\/v2\/posts"}],"about":[{"href":"https:\/\/diarioregionaldigital.com.br\/index.php?rest_route=\/wp\/v2\/types\/post"}],"author":[{"embeddable":true,"href":"https:\/\/diarioregionaldigital.com.br\/index.php?rest_route=\/wp\/v2\/users\/246"}],"replies":[{"embeddable":true,"href":"https:\/\/diarioregionaldigital.com.br\/index.php?rest_route=%2Fwp%2Fv2%2Fcomments&post=221923"}],"version-history":[{"count":1,"href":"https:\/\/diarioregionaldigital.com.br\/index.php?rest_route=\/wp\/v2\/posts\/221923\/revisions"}],"predecessor-version":[{"id":221925,"href":"https:\/\/diarioregionaldigital.com.br\/index.php?rest_route=\/wp\/v2\/posts\/221923\/revisions\/221925"}],"wp:featuredmedia":[{"embeddable":true,"href":"https:\/\/diarioregionaldigital.com.br\/index.php?rest_route=\/wp\/v2\/media\/221924"}],"wp:attachment":[{"href":"https:\/\/diarioregionaldigital.com.br\/index.php?rest_route=%2Fwp%2Fv2%2Fmedia&parent=221923"}],"wp:term":[{"taxonomy":"category","embeddable":true,"href":"https:\/\/diarioregionaldigital.com.br\/index.php?rest_route=%2Fwp%2Fv2%2Fcategories&post=221923"},{"taxonomy":"post_tag","embeddable":true,"href":"https:\/\/diarioregionaldigital.com.br\/index.php?rest_route=%2Fwp%2Fv2%2Ftags&post=221923"}],"curies":[{"name":"wp","href":"https:\/\/api.w.org\/{rel}","templated":true}]}}