{"id":221897,"date":"2024-03-26T19:49:45","date_gmt":"2024-03-26T22:49:45","guid":{"rendered":"https:\/\/diarioregionaldigital.com.br\/?p=221897"},"modified":"2024-03-26T19:49:45","modified_gmt":"2024-03-26T22:49:45","slug":"prefeita-repassa-viaturas-do-programa-nacional-de-seguranca-publica-com-cidadania-a-guarda-municipal","status":"publish","type":"post","link":"https:\/\/diarioregionaldigital.com.br\/?p=221897","title":{"rendered":"Prefeita repassa viaturas do Programa Nacional de Seguran\u00e7a P\u00fablica com Cidadania \u00e0 Guarda Municipal"},"content":{"rendered":"<p>Segundo informa\u00e7\u00f5es do site da Prefeitura de Juiz de Fora (PJF), em virtude da ades\u00e3o do munic\u00edpio ao Programa Nacional de Seguran\u00e7a P\u00fablica com Cidadania (Pronasci 2) do governo federal, Juiz de Fora est\u00e1 recebendo tr\u00eas novas viaturas. Os ve\u00edculos foram destinados \u00e0 Guarda Municipal e ser\u00e3o empregados em a\u00e7\u00f5es de preven\u00e7\u00e3o desenvolvidas pela corpora\u00e7\u00e3o, como os projetos Guardas no Apoio e Preven\u00e7\u00e3o nas Escolas (Gape), Nossa Escola: Seguran\u00e7a, Cidadania e Cultura de Paz e Guarda Presente. A entrega oficial foi feita na tarde desta ter\u00e7a-feira, 26, na sede da Guarda.<\/p>\n<p>A a\u00e7\u00e3o do Pronasci tem por finalidade fortalecer os munic\u00edpios para o desempenho de estrat\u00e9gias de preven\u00e7\u00e3o aos diversos tipos de criminalidade, contribuindo para o aumento da sensa\u00e7\u00e3o de seguran\u00e7a na cidade, seguindo a premissa de seguran\u00e7a cidad\u00e3. Esta \u00e9 a primeira vez que a Guarda recebe equipamentos direto do governo federal. O que refor\u00e7a a import\u00e2ncia do munic\u00edpio ter se mobilizado, no \u00faltimo ano, para aderir ao<strong>\u00a0<\/strong><a href=\"https:\/\/www.planalto.gov.br\/ccivil_03\/_ato2023-2026\/2023\/decreto\/d11436.htm\"><strong>Pronasci 2<\/strong><\/a>, estando, assim, alinhado \u00e0s diretrizes nacionais de seguran\u00e7a p\u00fablica.<\/p>\n<p>A assinatura do termo de ades\u00e3o, pela prefeita Margarida Salom\u00e3o. estabeleceu a converg\u00eancia do munic\u00edpio com a pol\u00edtica nacional de seguran\u00e7a p\u00fablica e vem proporcionando, inclusive, que os integrantes da Guarda Municipal tenham acesso ao projeto Bolsa-Forma\u00e7\u00e3o, um dos mecanismos de implementa\u00e7\u00e3o e cumprimento dos eixos priorit\u00e1rios do programa, que investe na capacita\u00e7\u00e3o do profissional de seguran\u00e7a. Para aderir ao projeto, Juiz de Fora atendeu aos requisitos de possuir Guarda Municipal, institu\u00edda conforme a Lei n\u00ba 13.022, de 2014 (Estatuto Geral das Guardas Municipais) e de manter os programas de\u00a0<a href=\"https:\/\/www.pjf.mg.gov.br\/secretarias\/sesuc\/projetos_de_prevencao\/arquivos\/projetos_prevencao.pdf\"><strong>a\u00e7\u00f5es preventivas e de prote\u00e7\u00e3o social<\/strong><\/a>, desenvolvidos pela Secretaria de Seguran\u00e7a Urbana e Cidadania (Sesuc), com vistas \u00e0 redu\u00e7\u00e3o da viol\u00eancia e \u00e0 promo\u00e7\u00e3o da paz, ampliando as boas pr\u00e1ticas de cidadania em nome da preven\u00e7\u00e3o em seguran\u00e7a<\/p>\n<p>O Pronasci 2 busca fortalecer a seguran\u00e7a p\u00fablica com enfoque na valoriza\u00e7\u00e3o da cidadania, por meio do fomento de a\u00e7\u00f5es que atendam seus eixos priorit\u00e1rios. Entre as \u00e1reas de aten\u00e7\u00e3o da proposta est\u00e3o os territ\u00f3rios mais vulner\u00e1veis e com altos indicadores de viol\u00eancia; o combate ao racismo estrutural e \u00e0 viol\u00eancia de g\u00eanero; a bolsa-forma\u00e7\u00e3o para agentes de seguran\u00e7a; o apoio \u00e0s v\u00edtimas da criminalidade e o incentivo a pol\u00edticas de cidadania, com destaque no trabalho e ensino formal e profissionalizante para presos e egressos.<\/p>\n","protected":false},"excerpt":{"rendered":"<p>Segundo informa\u00e7\u00f5es do site da Prefeitura de Juiz de Fora (PJF), em virtude da ades\u00e3o do munic\u00edpio ao Programa Nacional de Seguran\u00e7a P\u00fablica com Cidadania (Pronasci 2) do governo federal, Juiz de Fora est\u00e1 recebendo tr\u00eas novas viaturas. Os ve\u00edculos foram destinados \u00e0 Guarda Municipal e ser\u00e3o empregados em a\u00e7\u00f5es de preven\u00e7\u00e3o desenvolvidas pela corpora\u00e7\u00e3o, [&hellip;]<\/p>\n","protected":false},"author":246,"featured_media":221899,"comment_status":"closed","ping_status":"closed","sticky":false,"template":"","format":"standard","meta":{"footnotes":""},"categories":[253,436,440,439],"tags":[],"class_list":["post-221897","post","type-post","status-publish","format-standard","has-post-thumbnail","hentry","category-cidade","category-destaque-da-semana","category-destaques-do-dia","category-ultima-hora"],"_links":{"self":[{"href":"https:\/\/diarioregionaldigital.com.br\/index.php?rest_route=\/wp\/v2\/posts\/221897","targetHints":{"allow":["GET"]}}],"collection":[{"href":"https:\/\/diarioregionaldigital.com.br\/index.php?rest_route=\/wp\/v2\/posts"}],"about":[{"href":"https:\/\/diarioregionaldigital.com.br\/index.php?rest_route=\/wp\/v2\/types\/post"}],"author":[{"embeddable":true,"href":"https:\/\/diarioregionaldigital.com.br\/index.php?rest_route=\/wp\/v2\/users\/246"}],"replies":[{"embeddable":true,"href":"https:\/\/diarioregionaldigital.com.br\/index.php?rest_route=%2Fwp%2Fv2%2Fcomments&post=221897"}],"version-history":[{"count":1,"href":"https:\/\/diarioregionaldigital.com.br\/index.php?rest_route=\/wp\/v2\/posts\/221897\/revisions"}],"predecessor-version":[{"id":221900,"href":"https:\/\/diarioregionaldigital.com.br\/index.php?rest_route=\/wp\/v2\/posts\/221897\/revisions\/221900"}],"wp:featuredmedia":[{"embeddable":true,"href":"https:\/\/diarioregionaldigital.com.br\/index.php?rest_route=\/wp\/v2\/media\/221899"}],"wp:attachment":[{"href":"https:\/\/diarioregionaldigital.com.br\/index.php?rest_route=%2Fwp%2Fv2%2Fmedia&parent=221897"}],"wp:term":[{"taxonomy":"category","embeddable":true,"href":"https:\/\/diarioregionaldigital.com.br\/index.php?rest_route=%2Fwp%2Fv2%2Fcategories&post=221897"},{"taxonomy":"post_tag","embeddable":true,"href":"https:\/\/diarioregionaldigital.com.br\/index.php?rest_route=%2Fwp%2Fv2%2Ftags&post=221897"}],"curies":[{"name":"wp","href":"https:\/\/api.w.org\/{rel}","templated":true}]}}