{"id":221894,"date":"2024-03-26T19:43:20","date_gmt":"2024-03-26T22:43:20","guid":{"rendered":"https:\/\/diarioregionaldigital.com.br\/?p=221894"},"modified":"2024-03-26T19:43:20","modified_gmt":"2024-03-26T22:43:20","slug":"dupla-brasileira-de-bocha-carimba-vaga-na-paralimpiada-de-paris-2024","status":"publish","type":"post","link":"https:\/\/diarioregionaldigital.com.br\/?p=221894","title":{"rendered":"Dupla brasileira de bocha carimba vaga na Paralimp\u00edada de Paris 2024"},"content":{"rendered":"<p>O Brasil carimbou nesta ter\u00e7a-feira (26) a sexta vaga na bocha nos Jogos Paral\u00edmpicos de Paris, no torneio qualificat\u00f3rio de pares BC4, em Coimbra (Portugal). Invictos na competi\u00e7\u00e3o, a paraibana Laissa Vasconcelos, conhecida como Laissa Guerreira, e o maranhense Andr\u00e9 Martins asseguraram a vaga ao avan\u00e7arem \u00e0 final, ap\u00f3s vit\u00f3ria de virada sobre a Espanha.<img decoding=\"async\" src=\"https:\/\/agenciabrasil.ebc.com.br\/ebc.png?id=1587569&amp;o=node\" \/><img decoding=\"async\" src=\"https:\/\/agenciabrasil.ebc.com.br\/ebc.gif?id=1587569&amp;o=node\" \/><\/p>\n<p>Andr\u00e9 e Laissa sa\u00edram atr\u00e1s no placar na semifinal esta tarde. Come\u00e7aram perdendo por 4 a 1, mas retomaram o controle do jogo e, no final, selaram a vit\u00f3ria por 5 a 4. A final ser\u00e1 \u00e0s 11h10 desta quarta (27) contra a Mal\u00e1sia, equipe j\u00e1 batida pela dupla brasileira na primeira fase (grupos).<\/p>\n<p>A classe BC4 \u00e9 destinada a atletas com quadros severos de origem n\u00e3o cerebral, como lesionados medulares. Os competidores n\u00e3o recebem aux\u00edlio durante as disputas.<\/p>\n<p>A campanha brasileira em Coimbra tem 100% de aproveitamento. Andre e Larissa fecharam a primeira fase na lideran\u00e7a da chave, ao somarem quatro vit\u00f3rias: estrearam com triunfo de 5 a 0 sobre a Mal\u00e1sia; bateram a Hungria por\u00a08 a 2; superaram o Jap\u00e3o por\u00a0 5 a 4; e ganharam de Portugal por 4 a 2.<\/p>\n<p>O pa\u00eds j\u00e1 garantira outras cinco vagas na bocha \u2013 os atletas se classificaram no Parapan de Santiago &#8211; e, no geral, j\u00e1 tem 118 atletas confirmados na Paralimp\u00edada de Paris.\u00a0 Al\u00e9m da bocha, haver\u00e1 representantes brasileiros nas seguintes\u00a0competi\u00e7\u00f5es: atletismo, nata\u00e7\u00e3o, v\u00f4lei sentado (masculino e feminino), goalball (masculino), futebol de cegos, ciclismo, hipismo, canoagem, remo, taekwondo, tiro esportivo, tiro com arco e t\u00eanis de mesa.<\/p>\n<p>No Parapan de Santiago, no ano passado, o pa\u00eds assegurou outras cinco vagas, com medalhistas de ouro na competi\u00e7\u00e3o. Os brasileiros disputar\u00e3o a classe BC1 feminino (com Andreza Oliveira), BC2 masculino (com Maciel Santos), BC3 masculino e feminino (Mateus Carvalho e Evelyn de Oliveira), al\u00e9m da equipe BC1\/BC2 (com Andreza Oliveira, Iuri Tauan e Maciel Santos).<\/p>\n<p>Fonte: Ag\u00eancia Brasil<\/p>\n","protected":false},"excerpt":{"rendered":"<p>O Brasil carimbou nesta ter\u00e7a-feira (26) a sexta vaga na bocha nos Jogos Paral\u00edmpicos de Paris, no torneio qualificat\u00f3rio de pares BC4, em Coimbra (Portugal). Invictos na competi\u00e7\u00e3o, a paraibana Laissa Vasconcelos, conhecida como Laissa Guerreira, e o maranhense Andr\u00e9 Martins asseguraram a vaga ao avan\u00e7arem \u00e0 final, ap\u00f3s vit\u00f3ria de virada sobre a Espanha. [&hellip;]<\/p>\n","protected":false},"author":246,"featured_media":221895,"comment_status":"closed","ping_status":"closed","sticky":false,"template":"","format":"standard","meta":{"footnotes":""},"categories":[436,440,257,439],"tags":[],"class_list":["post-221894","post","type-post","status-publish","format-standard","has-post-thumbnail","hentry","category-destaque-da-semana","category-destaques-do-dia","category-esporte","category-ultima-hora"],"_links":{"self":[{"href":"https:\/\/diarioregionaldigital.com.br\/index.php?rest_route=\/wp\/v2\/posts\/221894","targetHints":{"allow":["GET"]}}],"collection":[{"href":"https:\/\/diarioregionaldigital.com.br\/index.php?rest_route=\/wp\/v2\/posts"}],"about":[{"href":"https:\/\/diarioregionaldigital.com.br\/index.php?rest_route=\/wp\/v2\/types\/post"}],"author":[{"embeddable":true,"href":"https:\/\/diarioregionaldigital.com.br\/index.php?rest_route=\/wp\/v2\/users\/246"}],"replies":[{"embeddable":true,"href":"https:\/\/diarioregionaldigital.com.br\/index.php?rest_route=%2Fwp%2Fv2%2Fcomments&post=221894"}],"version-history":[{"count":1,"href":"https:\/\/diarioregionaldigital.com.br\/index.php?rest_route=\/wp\/v2\/posts\/221894\/revisions"}],"predecessor-version":[{"id":221896,"href":"https:\/\/diarioregionaldigital.com.br\/index.php?rest_route=\/wp\/v2\/posts\/221894\/revisions\/221896"}],"wp:featuredmedia":[{"embeddable":true,"href":"https:\/\/diarioregionaldigital.com.br\/index.php?rest_route=\/wp\/v2\/media\/221895"}],"wp:attachment":[{"href":"https:\/\/diarioregionaldigital.com.br\/index.php?rest_route=%2Fwp%2Fv2%2Fmedia&parent=221894"}],"wp:term":[{"taxonomy":"category","embeddable":true,"href":"https:\/\/diarioregionaldigital.com.br\/index.php?rest_route=%2Fwp%2Fv2%2Fcategories&post=221894"},{"taxonomy":"post_tag","embeddable":true,"href":"https:\/\/diarioregionaldigital.com.br\/index.php?rest_route=%2Fwp%2Fv2%2Ftags&post=221894"}],"curies":[{"name":"wp","href":"https:\/\/api.w.org\/{rel}","templated":true}]}}