{"id":221887,"date":"2024-03-26T19:37:55","date_gmt":"2024-03-26T22:37:55","guid":{"rendered":"https:\/\/diarioregionaldigital.com.br\/?p=221887"},"modified":"2024-03-26T19:37:55","modified_gmt":"2024-03-26T22:37:55","slug":"chiquinho-brazao-diz-que-tinha-otima-relacao-com-marielle","status":"publish","type":"post","link":"https:\/\/diarioregionaldigital.com.br\/?p=221887","title":{"rendered":"Chiquinho Braz\u00e3o diz que tinha \u201c\u00f3tima rela\u00e7\u00e3o\u201d com Marielle"},"content":{"rendered":"<p>O deputado federal Chiquinho Braz\u00e3o,\u00a0<a href=\"https:\/\/agenciabrasil.ebc.com.br\/geral\/noticia\/2024-03\/policia-federal-prende-tres-suspeitos-de-encomendar-morte-de-marielle\" target=\"_blank\" rel=\"noopener\">detido<\/a>\u00a0no \u00faltimo domingo (24)\u00a0<a href=\"https:\/\/agenciabrasil.ebc.com.br\/justica\/noticia\/2024-03\/saiba-quem-sao-os-suspeitos-de-mandar-executar-marielle-franco\" target=\"_blank\" rel=\"noopener\">acusado de ser\u00a0um dos mandantes do assassinato<\/a>\u00a0da vereadora\u00a0Marielle Franco e do motorista Anderson Gomes, disse nesta ter\u00e7a-feira (26) que tinha uma \u201c\u00f3tima rela\u00e7\u00e3o\u201d com a vereadora.<img decoding=\"async\" src=\"https:\/\/agenciabrasil.ebc.com.br\/ebc.png?id=1587571&amp;o=node\" \/><img decoding=\"async\" src=\"https:\/\/agenciabrasil.ebc.com.br\/ebc.gif?id=1587571&amp;o=node\" \/><\/p>\n<p>Em manifesta\u00e7\u00e3o online, durante reuni\u00e3o da Comiss\u00e3o de Constitui\u00e7\u00e3o e Justi\u00e7a (CCJ) da C\u00e2mara dos Deputados que analisa a pris\u00e3o preventiva do parlamentar, ele disse que o que houve entre ele e Marielle foi uma \u201csimples discord\u00e2ncia de pontos de vista\u201d em rela\u00e7\u00e3o ao projeto de lei que regulamentava os condom\u00ednios irregulares na cidade do Rio de Janeiro.<\/p>\n<p>\u201cA gente tinha um \u00f3timo relacionamento, s\u00f3 tivemos uma vez um debate, onde ela defendia a \u00e1rea de especial interesse, que eu tamb\u00e9m defendia. Marielle estava do meu lado na mesma luta\u201d, argumentou o parlamentar, preso em Bras\u00edlia, pedindo que os deputados revejam a decis\u00e3o sobre sua pris\u00e3o. Como Braz\u00e3o \u00e9 parlamentar federal, a\u00a0<a href=\"https:\/\/agenciabrasil.ebc.com.br\/politica\/noticia\/2024-03\/prisao-de-chiquinho-brazao-precisa-ser-aprovada-pela-camara\" target=\"_blank\" rel=\"noopener\">pris\u00e3o precisa ser aprovada pela maioria absoluta da C\u00e2mara dos Deputados<\/a>.<\/p>\n<p>O\u00a0<a href=\"https:\/\/agenciabrasil.ebc.com.br\/justica\/noticia\/2024-03\/motivacao-da-morte-de-marielle-envolve-questao-fundiaria-e-milicia\" target=\"_blank\" rel=\"noopener\">relat\u00f3rio da Pol\u00edcia Federal cita como motiva\u00e7\u00e3o para o assassinato<\/a>\u00a0a diverg\u00eancia entre Marielle Franco e o grupo pol\u00edtico do ent\u00e3o vereador Chiquinho Braz\u00e3o em torno do Projeto de Lei (PL) 174\/2016, que buscava formalizar um condom\u00ednio na Zona Oeste da capital fluminense.<\/p>\n<p>O relator do caso na CCJ, deputado Darci de Matos (PSD-SC), defendeu a\u00a0<a href=\"https:\/\/agenciabrasil.ebc.com.br\/politica\/noticia\/2024-03\/caso-marielle-relator-da-ccj-defende-manter-prisao-de-brazao\" target=\"_blank\" rel=\"noopener\">manuten\u00e7\u00e3o da pris\u00e3o do parlamentar<\/a>. Segundo ele, a pris\u00e3o respeitou as exig\u00eancias constitucionais que dizem que a deten\u00e7\u00e3o de um parlamentar s\u00f3 pode ser feita em flagrante e por crime inafian\u00e7\u00e1vel.<\/p>\n<p>O\u00a0advogado de Chiquinho Braz\u00e3o, no entanto, pediu a revoga\u00e7\u00e3o da pris\u00e3o de seu cliente. \u201cEstamos diante de um claro exemplo de uma pris\u00e3o ilegal que deve ser imediatamente relaxada, como determina a Constitui\u00e7\u00e3o Federal\u201d, disse Cleber Lopes de Oliveira.<\/p>\n<p>Segundo ele, n\u00e3o h\u00e1 pris\u00e3o em flagrante no caso de Braz\u00e3o, e sim pris\u00e3o preventiva, o que n\u00e3o est\u00e1 previsto na Constitui\u00e7\u00e3o para a deten\u00e7\u00e3o de um parlamentar. \u201cAl\u00e9m disso, o delito n\u00e3o est\u00e1 no rol dos crimes inafian\u00e7\u00e1veis, ent\u00e3o n\u00e3o h\u00e1 possibilidade de pris\u00e3o em flagrante do parlamentar por isso\u201d, argumenta.<\/p>\n<p>O advogado tamb\u00e9m sustentou a incompet\u00eancia do Supremo Tribunal Federal (STF) para decretar a pris\u00e3o do deputado, j\u00e1 que o parlamentar s\u00f3 tem prerrogativa de foro privilegiado, ou seja, de ter seus processos encaminhados ao STF, se o crime tiver sido cometido durante o mandato e em raz\u00e3o do mandato. O crime ocorreu em 2018 e Braz\u00e3o assumiu o mandato em 2019.<\/p>\n<p>Durante a reuni\u00e3o da CCJ, os deputados federais Gilson Marques (Novo-SC) e Roberto Duarte (Republicanos-AC)\u00a0<a href=\"https:\/\/agenciabrasil.ebc.com.br\/politica\/noticia\/2024-03\/marielle-deputados-pedem-vista-e-adiam-analise-sobre-prisao-de-brazao\" target=\"_blank\" rel=\"noopener\">pediram vista<\/a>\u00a0para analisar se a pris\u00e3o preventiva foi legal, argumentando que n\u00e3o tiveram tempo de avaliar o relat\u00f3rio da Pol\u00edcia Federal, a decis\u00e3o de pris\u00e3o do ministro do Supremo Alexandre de Moraes nem\u00a0o relat\u00f3rio de Darci de Matos.<\/p>\n<h2>Presid\u00eancia da C\u00e2mara<\/h2>\n<p>Ap\u00f3s a decis\u00e3o da CCJ, o presidente da C\u00e2mara dos Deputados, Arthur Lira (PP-AL), disse que ser\u00e3o disponibilizadas aos parlamentares e l\u00edderes da Casa todas as informa\u00e7\u00f5es sobre o inqu\u00e9rito da Pol\u00edcia Federal, para que as bancadas possam se posicionar com clareza sobre o tema.<\/p>\n<p>\u201cEstamos providenciando para todas as assessorias todo o material que foi entregue \u00e0 Presid\u00eancia da C\u00e2mara para que todos tenham esse prazo para se posicionarem com todo o zelo e cuidado que o assunto requer\u201d, disse.<\/p>\n<p>O\u00a0prazo para retomar a an\u00e1lise na CCJ ap\u00f3s\u00a0o pedido de vista \u00e9 de duas sess\u00f5es da C\u00e2mara.<\/p>\n<p>Segundo Lira, o pedido de vista n\u00e3o traz preju\u00edzo para o processo e para a investiga\u00e7\u00e3o.<\/p>\n<p>\u201cTodo o tempo que transcorrer \u00e9 em desfavor do r\u00e9u, que continuar\u00e1 preso at\u00e9 que o plen\u00e1rio da C\u00e2mara se posicione em vota\u00e7\u00e3o aberta\u201d, explicou Lira.<\/p>\n<p>Fonte: Ag\u00eancia Brasil<\/p>\n","protected":false},"excerpt":{"rendered":"<p>O deputado federal Chiquinho Braz\u00e3o,\u00a0detido\u00a0no \u00faltimo domingo (24)\u00a0acusado de ser\u00a0um dos mandantes do assassinato\u00a0da vereadora\u00a0Marielle Franco e do motorista Anderson Gomes, disse nesta ter\u00e7a-feira (26) que tinha uma \u201c\u00f3tima rela\u00e7\u00e3o\u201d com a vereadora. Em manifesta\u00e7\u00e3o online, durante reuni\u00e3o da Comiss\u00e3o de Constitui\u00e7\u00e3o e Justi\u00e7a (CCJ) da C\u00e2mara dos Deputados que analisa a pris\u00e3o preventiva do [&hellip;]<\/p>\n","protected":false},"author":246,"featured_media":221888,"comment_status":"closed","ping_status":"closed","sticky":false,"template":"","format":"standard","meta":{"footnotes":""},"categories":[436,440,254,439],"tags":[],"class_list":["post-221887","post","type-post","status-publish","format-standard","has-post-thumbnail","hentry","category-destaque-da-semana","category-destaques-do-dia","category-politica","category-ultima-hora"],"_links":{"self":[{"href":"https:\/\/diarioregionaldigital.com.br\/index.php?rest_route=\/wp\/v2\/posts\/221887","targetHints":{"allow":["GET"]}}],"collection":[{"href":"https:\/\/diarioregionaldigital.com.br\/index.php?rest_route=\/wp\/v2\/posts"}],"about":[{"href":"https:\/\/diarioregionaldigital.com.br\/index.php?rest_route=\/wp\/v2\/types\/post"}],"author":[{"embeddable":true,"href":"https:\/\/diarioregionaldigital.com.br\/index.php?rest_route=\/wp\/v2\/users\/246"}],"replies":[{"embeddable":true,"href":"https:\/\/diarioregionaldigital.com.br\/index.php?rest_route=%2Fwp%2Fv2%2Fcomments&post=221887"}],"version-history":[{"count":1,"href":"https:\/\/diarioregionaldigital.com.br\/index.php?rest_route=\/wp\/v2\/posts\/221887\/revisions"}],"predecessor-version":[{"id":221889,"href":"https:\/\/diarioregionaldigital.com.br\/index.php?rest_route=\/wp\/v2\/posts\/221887\/revisions\/221889"}],"wp:featuredmedia":[{"embeddable":true,"href":"https:\/\/diarioregionaldigital.com.br\/index.php?rest_route=\/wp\/v2\/media\/221888"}],"wp:attachment":[{"href":"https:\/\/diarioregionaldigital.com.br\/index.php?rest_route=%2Fwp%2Fv2%2Fmedia&parent=221887"}],"wp:term":[{"taxonomy":"category","embeddable":true,"href":"https:\/\/diarioregionaldigital.com.br\/index.php?rest_route=%2Fwp%2Fv2%2Fcategories&post=221887"},{"taxonomy":"post_tag","embeddable":true,"href":"https:\/\/diarioregionaldigital.com.br\/index.php?rest_route=%2Fwp%2Fv2%2Ftags&post=221887"}],"curies":[{"name":"wp","href":"https:\/\/api.w.org\/{rel}","templated":true}]}}