{"id":221879,"date":"2024-03-25T20:23:02","date_gmt":"2024-03-25T23:23:02","guid":{"rendered":"https:\/\/diarioregionaldigital.com.br\/?p=221879"},"modified":"2024-03-25T20:23:02","modified_gmt":"2024-03-25T23:23:02","slug":"pjf-inaugura-intervencao-na-ponte-leopoldina","status":"publish","type":"post","link":"https:\/\/diarioregionaldigital.com.br\/?p=221879","title":{"rendered":"PJF inaugura interven\u00e7\u00e3o na Ponte Leopoldina"},"content":{"rendered":"<p>Segundo informa\u00e7\u00f5es do site da Prefeitura de Juiz de Fora (PJF), a PJF inaugurou nesta segunda-feira, 25, a interven\u00e7\u00e3o art\u00edstica da Ponte Leopoldina, \u00fanica na cidade que possui o nome de uma mulher. Todo o processo da arte, desde a idealiza\u00e7\u00e3o at\u00e9 a execu\u00e7\u00e3o pr\u00e1tica, foi feito por mulheres. A iniciativa, coordenada pela Secretaria de Governo, \u00e9 do Programa Boniteza.<br \/>\nO projeto foi viabilizado pela vereadora Laiz Perrut, que destinou R$ 20 mil via emenda parlamentar. Durante a inaugura\u00e7\u00e3o, a prefeita Margarida Salom\u00e3o ressaltou a import\u00e2ncia da iniciativa. \u201c\u00c9 um caminho pedestre, por isso foi uma grande sacada humanizar esta ponte. As pessoas acham que as vias do progresso se expressam por mais uma obra, mas essa \u00e9 uma interven\u00e7\u00e3o de enorme delicadeza e eleg\u00e2ncia para toda a popula\u00e7\u00e3o que usa essa ponte.\u201d<\/p>\n<p>&nbsp;<\/p>\n<p>A interven\u00e7\u00e3o foi feita pela artista Gabi Lemos, vencedora do edital \u201cAcupuntura Urbana &#8211; Arte na Ponte\u201d. A inspira\u00e7\u00e3o para a arte foi o sagrado cora\u00e7\u00e3o mexicano, o \u201cmilagrito\u201d, que representa a for\u00e7a vital que h\u00e1 em n\u00f3s. A pintura se estende at\u00e9 a Casa da Mulher, unidade da Prefeitura que atende mulheres sobreviventes da viol\u00eancia dom\u00e9stica. As assistidas que participam da oficina de arte-terapia foram ativas no processo da arte e pintaram, junto com a artista, tanto a ponte quanto o caminho at\u00e9 a Casa.<\/p>\n<p>&nbsp;<\/p>\n<p>Essa integra\u00e7\u00e3o foi significativa para aumentar a sensa\u00e7\u00e3o de pertencimento e valorizar o trabalho desenvolvido por elas. A vereadora Laiz Perrut destacou que a iniciativa envolveu uma s\u00e9rie de interven\u00e7\u00f5es. \u201cEra mais um lugar cinza na cidade que a gente p\u00f4de transformar com muita arte. O que me tocou mais foi que as mulheres atendidas na Casa da Mulher puderam fazer parte disso daqui\u201d, explicou.<\/p>\n","protected":false},"excerpt":{"rendered":"<p>Segundo informa\u00e7\u00f5es do site da Prefeitura de Juiz de Fora (PJF), a PJF inaugurou nesta segunda-feira, 25, a interven\u00e7\u00e3o art\u00edstica da Ponte Leopoldina, \u00fanica na cidade que possui o nome de uma mulher. Todo o processo da arte, desde a idealiza\u00e7\u00e3o at\u00e9 a execu\u00e7\u00e3o pr\u00e1tica, foi feito por mulheres. A iniciativa, coordenada pela Secretaria de [&hellip;]<\/p>\n","protected":false},"author":246,"featured_media":221880,"comment_status":"closed","ping_status":"closed","sticky":false,"template":"","format":"standard","meta":{"footnotes":""},"categories":[253,436,439],"tags":[],"class_list":["post-221879","post","type-post","status-publish","format-standard","has-post-thumbnail","hentry","category-cidade","category-destaque-da-semana","category-ultima-hora"],"_links":{"self":[{"href":"https:\/\/diarioregionaldigital.com.br\/index.php?rest_route=\/wp\/v2\/posts\/221879","targetHints":{"allow":["GET"]}}],"collection":[{"href":"https:\/\/diarioregionaldigital.com.br\/index.php?rest_route=\/wp\/v2\/posts"}],"about":[{"href":"https:\/\/diarioregionaldigital.com.br\/index.php?rest_route=\/wp\/v2\/types\/post"}],"author":[{"embeddable":true,"href":"https:\/\/diarioregionaldigital.com.br\/index.php?rest_route=\/wp\/v2\/users\/246"}],"replies":[{"embeddable":true,"href":"https:\/\/diarioregionaldigital.com.br\/index.php?rest_route=%2Fwp%2Fv2%2Fcomments&post=221879"}],"version-history":[{"count":1,"href":"https:\/\/diarioregionaldigital.com.br\/index.php?rest_route=\/wp\/v2\/posts\/221879\/revisions"}],"predecessor-version":[{"id":221881,"href":"https:\/\/diarioregionaldigital.com.br\/index.php?rest_route=\/wp\/v2\/posts\/221879\/revisions\/221881"}],"wp:featuredmedia":[{"embeddable":true,"href":"https:\/\/diarioregionaldigital.com.br\/index.php?rest_route=\/wp\/v2\/media\/221880"}],"wp:attachment":[{"href":"https:\/\/diarioregionaldigital.com.br\/index.php?rest_route=%2Fwp%2Fv2%2Fmedia&parent=221879"}],"wp:term":[{"taxonomy":"category","embeddable":true,"href":"https:\/\/diarioregionaldigital.com.br\/index.php?rest_route=%2Fwp%2Fv2%2Fcategories&post=221879"},{"taxonomy":"post_tag","embeddable":true,"href":"https:\/\/diarioregionaldigital.com.br\/index.php?rest_route=%2Fwp%2Fv2%2Ftags&post=221879"}],"curies":[{"name":"wp","href":"https:\/\/api.w.org\/{rel}","templated":true}]}}