{"id":221876,"date":"2024-03-25T20:21:57","date_gmt":"2024-03-25T23:21:57","guid":{"rendered":"https:\/\/diarioregionaldigital.com.br\/?p=221876"},"modified":"2024-03-25T20:21:57","modified_gmt":"2024-03-25T23:21:57","slug":"prefeitura-realiza-manutencao-de-postes-e-luminarias-na-avenida-jk","status":"publish","type":"post","link":"https:\/\/diarioregionaldigital.com.br\/?p=221876","title":{"rendered":"Prefeitura realiza manuten\u00e7\u00e3o de postes e lumin\u00e1rias na Avenida JK"},"content":{"rendered":"<p>Segundo informa\u00e7\u00f5es do site da Prefeitura de Juiz de Fora (PJF), a PJF iniciou nesta segunda-feira, 25, uma opera\u00e7\u00e3o para repor e manutenir postes em diversos pontos da Avenida Juscelino Kubitschek. que haviam sido danificados por acidentes de tr\u00e2nsito nas \u00faltimas semanas.<\/p>\n<div id=\"box_texto_noticia\">\n<p>&nbsp;<\/p>\n<p>Al\u00e9m da reposi\u00e7\u00e3o das estruturas que foram derrubadas, as lumin\u00e1rias dos demais postes, afetadas por conta dos danos causados \u00e0 rede, tamb\u00e9m ser\u00e3o substitu\u00eddas. Os reparos evitam o risco de novos acidentes, j\u00e1 que melh<br \/>\noram a visibilidade na via e tornam mais seguro o fluxo de ve\u00edculos e pedestres.<br \/>\nAs equipes do Setor de Ilumina\u00e7\u00e3o da Empresa Municipal de Pavimenta\u00e7\u00e3o e Urbanidades (Empav) t\u00eam agido para solucionar os problemas frequentes relacionados \u00e0 colis\u00e3o de ve\u00edculos em postes na regi\u00e3o.<\/p>\n<p>A previs\u00e3o \u00e9 que os trabalhos na JK sejam conclu\u00eddos at\u00e9 o final desta semana. Por conta das manobras com caminh\u00f5es munck, \u00e9 poss\u00edvel que o tr\u00e2nsito na via seja afetado e fique mais lento durante a execu\u00e7\u00e3o dos trabalhos.<\/p>\n<p>Brilha JF!<\/p>\n<p>Vale destacar que toda a extens\u00e3o da avenida, que \u00e9 um dos principais acessos \u00e0 zona norte da cidade, j\u00e1 conta com o sistema de ilumina\u00e7\u00e3o LED, que \u00e9 ainda mais eficiente que as l\u00e2mpadas convencionais.<\/p>\n<p>Agora, mais de 80% do munic\u00edpio j\u00e1 conta com o novo sistema e os trabalhos avan\u00e7am diariamente, assim como as manuten\u00e7\u00f5es e substitui\u00e7\u00f5es de l\u00e2mpadas queimadas. As a\u00e7\u00f5es permanecem em andamento na cidade e a programa\u00e7\u00e3o di\u00e1ria completa pode ser conferida na p\u00e1gina do Gabinete de A\u00e7\u00e3o e Di\u00e1logo Comunit\u00e1rio atrav\u00e9s do<a style=\"font-size: 16px;\" href=\"https:\/\/www.pjf.mg.gov.br\/gabinetecomunitario\/#onde\">\u00a0<strong>link<\/strong><\/a><span style=\"color: #333333; font-size: 16px;\">.<\/span><\/p>\n<\/div>\n<p>&nbsp;<\/p>\n<div id=\"box_compartilhar\" align=\"right\"><\/div>\n","protected":false},"excerpt":{"rendered":"<p>Segundo informa\u00e7\u00f5es do site da Prefeitura de Juiz de Fora (PJF), a PJF iniciou nesta segunda-feira, 25, uma opera\u00e7\u00e3o para repor e manutenir postes em diversos pontos da Avenida Juscelino Kubitschek. que haviam sido danificados por acidentes de tr\u00e2nsito nas \u00faltimas semanas. &nbsp; Al\u00e9m da reposi\u00e7\u00e3o das estruturas que foram derrubadas, as lumin\u00e1rias dos demais [&hellip;]<\/p>\n","protected":false},"author":246,"featured_media":221877,"comment_status":"closed","ping_status":"closed","sticky":false,"template":"","format":"standard","meta":{"footnotes":""},"categories":[253,436,439],"tags":[],"class_list":["post-221876","post","type-post","status-publish","format-standard","has-post-thumbnail","hentry","category-cidade","category-destaque-da-semana","category-ultima-hora"],"_links":{"self":[{"href":"https:\/\/diarioregionaldigital.com.br\/index.php?rest_route=\/wp\/v2\/posts\/221876","targetHints":{"allow":["GET"]}}],"collection":[{"href":"https:\/\/diarioregionaldigital.com.br\/index.php?rest_route=\/wp\/v2\/posts"}],"about":[{"href":"https:\/\/diarioregionaldigital.com.br\/index.php?rest_route=\/wp\/v2\/types\/post"}],"author":[{"embeddable":true,"href":"https:\/\/diarioregionaldigital.com.br\/index.php?rest_route=\/wp\/v2\/users\/246"}],"replies":[{"embeddable":true,"href":"https:\/\/diarioregionaldigital.com.br\/index.php?rest_route=%2Fwp%2Fv2%2Fcomments&post=221876"}],"version-history":[{"count":1,"href":"https:\/\/diarioregionaldigital.com.br\/index.php?rest_route=\/wp\/v2\/posts\/221876\/revisions"}],"predecessor-version":[{"id":221878,"href":"https:\/\/diarioregionaldigital.com.br\/index.php?rest_route=\/wp\/v2\/posts\/221876\/revisions\/221878"}],"wp:featuredmedia":[{"embeddable":true,"href":"https:\/\/diarioregionaldigital.com.br\/index.php?rest_route=\/wp\/v2\/media\/221877"}],"wp:attachment":[{"href":"https:\/\/diarioregionaldigital.com.br\/index.php?rest_route=%2Fwp%2Fv2%2Fmedia&parent=221876"}],"wp:term":[{"taxonomy":"category","embeddable":true,"href":"https:\/\/diarioregionaldigital.com.br\/index.php?rest_route=%2Fwp%2Fv2%2Fcategories&post=221876"},{"taxonomy":"post_tag","embeddable":true,"href":"https:\/\/diarioregionaldigital.com.br\/index.php?rest_route=%2Fwp%2Fv2%2Ftags&post=221876"}],"curies":[{"name":"wp","href":"https:\/\/api.w.org\/{rel}","templated":true}]}}