{"id":221873,"date":"2024-03-25T20:19:45","date_gmt":"2024-03-25T23:19:45","guid":{"rendered":"https:\/\/diarioregionaldigital.com.br\/?p=221873"},"modified":"2024-03-25T20:19:45","modified_gmt":"2024-03-25T23:19:45","slug":"servicos-da-cesama-podem-comprometer-abastecimento-em-regioes-de-juiz-de-fora-nesta-terca-26","status":"publish","type":"post","link":"https:\/\/diarioregionaldigital.com.br\/?p=221873","title":{"rendered":"Servi\u00e7os da Cesama podem comprometer abastecimento em regi\u00f5es de Juiz de Fora nesta ter\u00e7a, 26"},"content":{"rendered":"<p>Segundo informa\u00e7\u00f5es do site da Prefeitura de Juiz de Fora (PJF), na ter\u00e7a-feira, 26, de 7h \u00e0s 15h, a Companhia de Saneamento Municipal (Cesama) ir\u00e1 realizar um servi\u00e7o de manuten\u00e7\u00e3o na elevat\u00f3ria de \u00e1gua Ase\/Grama. Com isso, alguns bairros e loteamentos da Regi\u00e3o Nordeste podem ter o abastecimento comprometido, dentre eles: Parque Guarani, Granjas Bet\u00e2nia, Granjas Pira\u00faba, Vivendas da Serra, Nova Gramado, Recanto dos Lagos I e II, Nova Su\u00edssa, S\u00e3o Conrado, Parque Independ\u00eancia I e II, Grama, Jardim Ema\u00fas, Vila Montanhesa, Vila dos Sonhos, Residencial S\u00e3o Lu\u00eds, Residencial Santa Efig\u00eania, Filgueiras, Terras do Comendador e Jacar\u00e9.<\/p>\n<p>Essa manuten\u00e7\u00e3o pode refletir, ainda, no fornecimento de \u00e1gua dos bairros Bandeirantes, Progresso, Quintas da Avenida, Marumbi e Santa Paula. A Cesama pede a compreens\u00e3o da popula\u00e7\u00e3o da \u00e1rea e orienta para que economize \u00e1gua durante os trabalhos. A previs\u00e3o \u00e9 de que o abastecimento seja regularizado ao longo da noite de ter\u00e7a e da quarta-feira, 27.<\/p>\n<p>Ainda na ter\u00e7a-feira, a companhia ir\u00e1 realizar manuten\u00e7\u00e3o tamb\u00e9m na elevat\u00f3ria de \u00e1gua Alto dos Pinheiros, de 8h \u00e0s 10h, podendo comprometer o abastecimento do condom\u00ednio. Assim que o servi\u00e7o for conclu\u00eddo, o fornecimento de \u00e1gua ser\u00e1 retomado, se normalizando ao longo do dia 26.<\/p>\n<p><strong>Outras informa\u00e7\u00f5es:<\/strong><br \/>\n(32) 3692-9179 &#8211; Assessoria de Comunica\u00e7\u00e3o da Cesama<\/p>\n","protected":false},"excerpt":{"rendered":"<p>Segundo informa\u00e7\u00f5es do site da Prefeitura de Juiz de Fora (PJF), na ter\u00e7a-feira, 26, de 7h \u00e0s 15h, a Companhia de Saneamento Municipal (Cesama) ir\u00e1 realizar um servi\u00e7o de manuten\u00e7\u00e3o na elevat\u00f3ria de \u00e1gua Ase\/Grama. Com isso, alguns bairros e loteamentos da Regi\u00e3o Nordeste podem ter o abastecimento comprometido, dentre eles: Parque Guarani, Granjas Bet\u00e2nia, [&hellip;]<\/p>\n","protected":false},"author":246,"featured_media":221874,"comment_status":"closed","ping_status":"closed","sticky":false,"template":"","format":"standard","meta":{"footnotes":""},"categories":[253,436,439],"tags":[],"class_list":["post-221873","post","type-post","status-publish","format-standard","has-post-thumbnail","hentry","category-cidade","category-destaque-da-semana","category-ultima-hora"],"_links":{"self":[{"href":"https:\/\/diarioregionaldigital.com.br\/index.php?rest_route=\/wp\/v2\/posts\/221873","targetHints":{"allow":["GET"]}}],"collection":[{"href":"https:\/\/diarioregionaldigital.com.br\/index.php?rest_route=\/wp\/v2\/posts"}],"about":[{"href":"https:\/\/diarioregionaldigital.com.br\/index.php?rest_route=\/wp\/v2\/types\/post"}],"author":[{"embeddable":true,"href":"https:\/\/diarioregionaldigital.com.br\/index.php?rest_route=\/wp\/v2\/users\/246"}],"replies":[{"embeddable":true,"href":"https:\/\/diarioregionaldigital.com.br\/index.php?rest_route=%2Fwp%2Fv2%2Fcomments&post=221873"}],"version-history":[{"count":1,"href":"https:\/\/diarioregionaldigital.com.br\/index.php?rest_route=\/wp\/v2\/posts\/221873\/revisions"}],"predecessor-version":[{"id":221875,"href":"https:\/\/diarioregionaldigital.com.br\/index.php?rest_route=\/wp\/v2\/posts\/221873\/revisions\/221875"}],"wp:featuredmedia":[{"embeddable":true,"href":"https:\/\/diarioregionaldigital.com.br\/index.php?rest_route=\/wp\/v2\/media\/221874"}],"wp:attachment":[{"href":"https:\/\/diarioregionaldigital.com.br\/index.php?rest_route=%2Fwp%2Fv2%2Fmedia&parent=221873"}],"wp:term":[{"taxonomy":"category","embeddable":true,"href":"https:\/\/diarioregionaldigital.com.br\/index.php?rest_route=%2Fwp%2Fv2%2Fcategories&post=221873"},{"taxonomy":"post_tag","embeddable":true,"href":"https:\/\/diarioregionaldigital.com.br\/index.php?rest_route=%2Fwp%2Fv2%2Ftags&post=221873"}],"curies":[{"name":"wp","href":"https:\/\/api.w.org\/{rel}","templated":true}]}}