{"id":221867,"date":"2024-03-25T20:17:06","date_gmt":"2024-03-25T23:17:06","guid":{"rendered":"https:\/\/diarioregionaldigital.com.br\/?p=221867"},"modified":"2024-03-25T20:17:06","modified_gmt":"2024-03-25T23:17:06","slug":"gabigol-leva-2-anos-de-suspensao-por-tentar-fraudar-exame-antidopping","status":"publish","type":"post","link":"https:\/\/diarioregionaldigital.com.br\/?p=221867","title":{"rendered":"Gabigol leva 2 anos de suspens\u00e3o por tentar fraudar exame antidopping"},"content":{"rendered":"<p>O atacante Gabigol, do Flamengo, foi punido com dois anos de suspens\u00e3o pelo Tribunal de Justi\u00e7a Desportiva Antidopagem (TJD-AD). O placar do julgamento, conclu\u00eddo nesta segunda-feira (25), foi de cinco votos a quatro pela suspens\u00e3o de Gabigol, que come\u00e7a a contar do dia 8 de abril do ano passado, e vai at\u00e9 abril de 2025. O jogador ainda pode recorrer da decis\u00e3o na Corte Arbitral do Esporte (CAS).<img decoding=\"async\" src=\"https:\/\/agenciabrasil.ebc.com.br\/ebc.png?id=1587405&amp;o=node\" \/><img decoding=\"async\" src=\"https:\/\/agenciabrasil.ebc.com.br\/ebc.gif?id=1587405&amp;o=node\" \/><\/p>\n<p>Em\u00a0<a href=\"https:\/\/www.flamengo.com.br\/noticias\/futebol\/nota-oficial---gabriel-barbosa\"><strong>nota oficial,<\/strong><\/a>\u00a0o Flamengo disse que \u201crecebeu com surpresa a referida de decis\u00e3o e que auxiliar\u00e1 o atleta na apresenta\u00e7\u00e3o de recurso ao CAS, uma vez que entende que n\u00e3o houve qualquer tipo de fraude, nem mesmo tentativa, a justificar a puni\u00e7\u00e3o aplicada\u201d.<\/p>\n<p>Gabigol foi denunciado pela Procuradoria de Justi\u00e7a Desportiva Antidopagem em 21 de dezembro, quase oito meses ap\u00f3s a realiza\u00e7\u00e3o de exames antidoping no Centro de Treinamento (CT) do Flamengo. Gabigol teria infringido o c\u00f3digo 122 do C\u00f3digo Brasileiro Antidopagem, que trata de \u201cfraude ou tentativa de fraude de qualquer parte do processo de controle&#8221;, e que prev\u00eas pena m\u00e1xima de quatro anos de suspens\u00e3o.<\/p>\n<p>Na den\u00fancia assinada pelo procurador Jo\u00e3o Guilherme Guimar\u00e3es Gon\u00e7alves, o camisa 10 do Flamengo, de acordo com os oficiais respons\u00e1veis pela coleta no dia 8 de abril, teria dificultado a realiza\u00e7\u00e3o do exame. O jogador n\u00e3o teria cumprido repouso m\u00ednimo de duas horas ap\u00f3s a atividade f\u00edsica para poder realizar o exame, e tamb\u00e9m tentou esconder a genit\u00e1lia, no momento da coleta da urina, que ocorre com a\u00a0presen\u00e7a do oficial respons\u00e1vel.<\/p>\n<p>Fonte: Ag\u00eancia Brasil<\/p>\n","protected":false},"excerpt":{"rendered":"<p>O atacante Gabigol, do Flamengo, foi punido com dois anos de suspens\u00e3o pelo Tribunal de Justi\u00e7a Desportiva Antidopagem (TJD-AD). O placar do julgamento, conclu\u00eddo nesta segunda-feira (25), foi de cinco votos a quatro pela suspens\u00e3o de Gabigol, que come\u00e7a a contar do dia 8 de abril do ano passado, e vai at\u00e9 abril de 2025. [&hellip;]<\/p>\n","protected":false},"author":246,"featured_media":221868,"comment_status":"closed","ping_status":"closed","sticky":false,"template":"","format":"standard","meta":{"footnotes":""},"categories":[436,440,257,439],"tags":[],"class_list":["post-221867","post","type-post","status-publish","format-standard","has-post-thumbnail","hentry","category-destaque-da-semana","category-destaques-do-dia","category-esporte","category-ultima-hora"],"_links":{"self":[{"href":"https:\/\/diarioregionaldigital.com.br\/index.php?rest_route=\/wp\/v2\/posts\/221867","targetHints":{"allow":["GET"]}}],"collection":[{"href":"https:\/\/diarioregionaldigital.com.br\/index.php?rest_route=\/wp\/v2\/posts"}],"about":[{"href":"https:\/\/diarioregionaldigital.com.br\/index.php?rest_route=\/wp\/v2\/types\/post"}],"author":[{"embeddable":true,"href":"https:\/\/diarioregionaldigital.com.br\/index.php?rest_route=\/wp\/v2\/users\/246"}],"replies":[{"embeddable":true,"href":"https:\/\/diarioregionaldigital.com.br\/index.php?rest_route=%2Fwp%2Fv2%2Fcomments&post=221867"}],"version-history":[{"count":1,"href":"https:\/\/diarioregionaldigital.com.br\/index.php?rest_route=\/wp\/v2\/posts\/221867\/revisions"}],"predecessor-version":[{"id":221869,"href":"https:\/\/diarioregionaldigital.com.br\/index.php?rest_route=\/wp\/v2\/posts\/221867\/revisions\/221869"}],"wp:featuredmedia":[{"embeddable":true,"href":"https:\/\/diarioregionaldigital.com.br\/index.php?rest_route=\/wp\/v2\/media\/221868"}],"wp:attachment":[{"href":"https:\/\/diarioregionaldigital.com.br\/index.php?rest_route=%2Fwp%2Fv2%2Fmedia&parent=221867"}],"wp:term":[{"taxonomy":"category","embeddable":true,"href":"https:\/\/diarioregionaldigital.com.br\/index.php?rest_route=%2Fwp%2Fv2%2Fcategories&post=221867"},{"taxonomy":"post_tag","embeddable":true,"href":"https:\/\/diarioregionaldigital.com.br\/index.php?rest_route=%2Fwp%2Fv2%2Ftags&post=221867"}],"curies":[{"name":"wp","href":"https:\/\/api.w.org\/{rel}","templated":true}]}}