{"id":221864,"date":"2024-03-25T20:15:11","date_gmt":"2024-03-25T23:15:11","guid":{"rendered":"https:\/\/diarioregionaldigital.com.br\/?p=221864"},"modified":"2024-03-25T20:15:11","modified_gmt":"2024-03-25T23:15:11","slug":"para-pacheco-caso-marielle-e-marco-no-combate-ao-crime-organizado","status":"publish","type":"post","link":"https:\/\/diarioregionaldigital.com.br\/?p=221864","title":{"rendered":"Para Pacheco, caso Marielle \u00e9 marco no combate ao crime organizado"},"content":{"rendered":"<p>O presidente do Senado, Rodrigo Pacheco, afirmou nesta segunda-feira (25) que a investiga\u00e7\u00e3o envolvendo o assassinato da vereadora Marielle Franco e do motorista Anderson Gomes \u00e9 um marco no combate ao crime organizado no pa\u00eds.<img decoding=\"async\" src=\"https:\/\/agenciabrasil.ebc.com.br\/ebc.png?id=1587409&amp;o=node\" \/><img decoding=\"async\" src=\"https:\/\/agenciabrasil.ebc.com.br\/ebc.gif?id=1587409&amp;o=node\" \/><\/p>\n<p>Ap\u00f3s cerim\u00f4nia de comemora\u00e7\u00e3o de 200 anos do Senado, Pacheco cumprimentou os investigadores ap\u00f3s ser perguntado sobre a opera\u00e7\u00e3o da Pol\u00edcia Federal que prendeu os irm\u00e3os Braz\u00e3o.<\/p>\n<p>&#8220;Desvendar esse crime e identificar mandantes \u00e9 algo que a sociedade espera muito, e as institui\u00e7\u00f5es tamb\u00e9m esperam. Cumprimento todas as autoridades envolvidas e, talvez, seja um marco na hist\u00f3ria de repress\u00e3o da criminalidade organizada no Brasil&#8221;, afirmou.<\/p>\n<p>Pacheco tamb\u00e9m disse que espera que a verdade sobre o caso possa aparecer e que os respons\u00e1veis sejam punidos.<\/p>\n<p>\u201c\u00c9 um sentimento real de esperan\u00e7a e expectativa de que a verdade real sobre esse caso possa aparecer e aqueles que sejam respons\u00e1veis diretos ou indiretos desse crime b\u00e1rbaro, desse crime contra a democracia, sejam submetidos a julgamento&#8221;, completou.<\/p>\n<p>Ontem (24), os irm\u00e3os Domingos Braz\u00e3o, conselheiro do Tribunal de Contas do Rio de Janeiro, e Chiquinho Braz\u00e3o, deputado federal,\u00a0<a href=\"https:\/\/agenciabrasil.ebc.com.br\/geral\/noticia\/2024-03\/policia-federal-prende-tres-suspeitos-de-encomendar-morte-de-marielle\" target=\"_blank\" rel=\"noopener\">foram presos por determina\u00e7\u00e3o<\/a>\u00a0do ministro Alexandre de Moraes, relator das investiga\u00e7\u00f5es sobre o caso Marielle no Supremo Tribunal Federal (STF). Eles est\u00e3o no pres\u00eddio federal em Bras\u00edlia.<\/p>\n<p>Fonte: Ag\u00eancia Brasil<\/p>\n","protected":false},"excerpt":{"rendered":"<p>O presidente do Senado, Rodrigo Pacheco, afirmou nesta segunda-feira (25) que a investiga\u00e7\u00e3o envolvendo o assassinato da vereadora Marielle Franco e do motorista Anderson Gomes \u00e9 um marco no combate ao crime organizado no pa\u00eds. Ap\u00f3s cerim\u00f4nia de comemora\u00e7\u00e3o de 200 anos do Senado, Pacheco cumprimentou os investigadores ap\u00f3s ser perguntado sobre a opera\u00e7\u00e3o da [&hellip;]<\/p>\n","protected":false},"author":246,"featured_media":221865,"comment_status":"closed","ping_status":"closed","sticky":false,"template":"","format":"standard","meta":{"footnotes":""},"categories":[436,440,254,439],"tags":[],"class_list":["post-221864","post","type-post","status-publish","format-standard","has-post-thumbnail","hentry","category-destaque-da-semana","category-destaques-do-dia","category-politica","category-ultima-hora"],"_links":{"self":[{"href":"https:\/\/diarioregionaldigital.com.br\/index.php?rest_route=\/wp\/v2\/posts\/221864","targetHints":{"allow":["GET"]}}],"collection":[{"href":"https:\/\/diarioregionaldigital.com.br\/index.php?rest_route=\/wp\/v2\/posts"}],"about":[{"href":"https:\/\/diarioregionaldigital.com.br\/index.php?rest_route=\/wp\/v2\/types\/post"}],"author":[{"embeddable":true,"href":"https:\/\/diarioregionaldigital.com.br\/index.php?rest_route=\/wp\/v2\/users\/246"}],"replies":[{"embeddable":true,"href":"https:\/\/diarioregionaldigital.com.br\/index.php?rest_route=%2Fwp%2Fv2%2Fcomments&post=221864"}],"version-history":[{"count":1,"href":"https:\/\/diarioregionaldigital.com.br\/index.php?rest_route=\/wp\/v2\/posts\/221864\/revisions"}],"predecessor-version":[{"id":221866,"href":"https:\/\/diarioregionaldigital.com.br\/index.php?rest_route=\/wp\/v2\/posts\/221864\/revisions\/221866"}],"wp:featuredmedia":[{"embeddable":true,"href":"https:\/\/diarioregionaldigital.com.br\/index.php?rest_route=\/wp\/v2\/media\/221865"}],"wp:attachment":[{"href":"https:\/\/diarioregionaldigital.com.br\/index.php?rest_route=%2Fwp%2Fv2%2Fmedia&parent=221864"}],"wp:term":[{"taxonomy":"category","embeddable":true,"href":"https:\/\/diarioregionaldigital.com.br\/index.php?rest_route=%2Fwp%2Fv2%2Fcategories&post=221864"},{"taxonomy":"post_tag","embeddable":true,"href":"https:\/\/diarioregionaldigital.com.br\/index.php?rest_route=%2Fwp%2Fv2%2Ftags&post=221864"}],"curies":[{"name":"wp","href":"https:\/\/api.w.org\/{rel}","templated":true}]}}