{"id":221861,"date":"2024-03-25T20:11:56","date_gmt":"2024-03-25T23:11:56","guid":{"rendered":"https:\/\/diarioregionaldigital.com.br\/?p=221861"},"modified":"2024-03-25T20:11:56","modified_gmt":"2024-03-25T23:11:56","slug":"servicos-postais-nacionais-e-internacionais-serao-reajustados-em-abril","status":"publish","type":"post","link":"https:\/\/diarioregionaldigital.com.br\/?p=221861","title":{"rendered":"Servi\u00e7os postais nacionais e internacionais ser\u00e3o reajustados em abril"},"content":{"rendered":"<p>Os servi\u00e7os postais realizados pela Empresa Brasileira de Correios e Tel\u00e9grafos no Brasil passar\u00e3o por reajuste de 4,39%, a partir do dia 3 de abril. A medida, que corresponde a corre\u00e7\u00e3o da infla\u00e7\u00e3o conforme a varia\u00e7\u00e3o do \u00cdndice Nacional de Pre\u00e7os ao Consumidor Amplo (IPCA) em 2023, foi publicada no\u00a0<a href=\"https:\/\/www.in.gov.br\/web\/dou\/-\/portaria-mcom-n-12.549-de-14-de-marco-de-2024-549877335\" target=\"_blank\" rel=\"noopener\"><em>Di\u00e1rio Oficial da Uni\u00e3o<\/em><\/a>\u00a0desta segunda-feira (25), em uma portaria do Minist\u00e9rio das Comunica\u00e7\u00f5es.<img decoding=\"async\" src=\"https:\/\/agenciabrasil.ebc.com.br\/ebc.png?id=1587267&amp;o=node\" \/><img decoding=\"async\" src=\"https:\/\/agenciabrasil.ebc.com.br\/ebc.gif?id=1587267&amp;o=node\" \/><\/p>\n<p>A tarifa para envio de cartas e cart\u00f5es postais nacionais de at\u00e9 20 gramas (g) passar\u00e1 de R$ 2,45 para R$ 2,55, enquanto que a m\u00e1xima, de 450g a 500g, passar\u00e1 de R$ 13,35 para R$ 13,80. O franqueamento autorizado de cartas (FAC) simples tamb\u00e9m foi reajustado podendo variar de R$ 2,27 a R$ 12,17, conforme o peso em gramas.<\/p>\n<p>O telegrama nacional passar\u00e1 a ter valores diferenciados conforme a modalidade escolhida e custar\u00e1 R$ 10,74, via internet, R$ 12,96 para o servi\u00e7o prestado por telefone e R$ 15,56, nos casos de contrata\u00e7\u00e3o pr\u00e9-paga nas ag\u00eancias. Para envio de malotes com grandes volumes calculados em quilos, e contratado por pessoa jur\u00eddica, \u00e9 necess\u00e1rio consultar tabela de dist\u00e2ncia e peso disponibilizada no site dos Correios (https:\/\/www.gov.br\/mcom\/pt-br\/acesso-a-informacao\/transparencia-e-prestacao-de-contas\/dados-de-entidades-vinculadas\/servicos-postais).<\/p>\n<p>Os envios internacionais ser\u00e3o cobrados por grupos de pa\u00edses separados por regi\u00e3o, sendo cinco grupos: grupo1 (Argentina, Paraguai e Uruguai), grupo 2 (demais pa\u00edses da Am\u00e9rica do Sul), grupo 3 (Am\u00e9ricas Central e do Norte), grupo 4 (Europa) e grupo 5 (\u00c1sia e Oriente M\u00e9dio, \u00c1frica e Oceania). E os valores poder\u00e3o variar de R$ 4,30 a R$ 239,60, conforme o peso em gramas e o grupo do pa\u00eds para envio.<\/p>\n<p>Fonte: Ag\u00eancia Brasil<\/p>\n","protected":false},"excerpt":{"rendered":"<p>Os servi\u00e7os postais realizados pela Empresa Brasileira de Correios e Tel\u00e9grafos no Brasil passar\u00e3o por reajuste de 4,39%, a partir do dia 3 de abril. A medida, que corresponde a corre\u00e7\u00e3o da infla\u00e7\u00e3o conforme a varia\u00e7\u00e3o do \u00cdndice Nacional de Pre\u00e7os ao Consumidor Amplo (IPCA) em 2023, foi publicada no\u00a0Di\u00e1rio Oficial da Uni\u00e3o\u00a0desta segunda-feira (25), [&hellip;]<\/p>\n","protected":false},"author":246,"featured_media":221862,"comment_status":"closed","ping_status":"closed","sticky":false,"template":"","format":"standard","meta":{"footnotes":""},"categories":[436,440,261,439],"tags":[],"class_list":["post-221861","post","type-post","status-publish","format-standard","has-post-thumbnail","hentry","category-destaque-da-semana","category-destaques-do-dia","category-economia","category-ultima-hora"],"_links":{"self":[{"href":"https:\/\/diarioregionaldigital.com.br\/index.php?rest_route=\/wp\/v2\/posts\/221861","targetHints":{"allow":["GET"]}}],"collection":[{"href":"https:\/\/diarioregionaldigital.com.br\/index.php?rest_route=\/wp\/v2\/posts"}],"about":[{"href":"https:\/\/diarioregionaldigital.com.br\/index.php?rest_route=\/wp\/v2\/types\/post"}],"author":[{"embeddable":true,"href":"https:\/\/diarioregionaldigital.com.br\/index.php?rest_route=\/wp\/v2\/users\/246"}],"replies":[{"embeddable":true,"href":"https:\/\/diarioregionaldigital.com.br\/index.php?rest_route=%2Fwp%2Fv2%2Fcomments&post=221861"}],"version-history":[{"count":1,"href":"https:\/\/diarioregionaldigital.com.br\/index.php?rest_route=\/wp\/v2\/posts\/221861\/revisions"}],"predecessor-version":[{"id":221863,"href":"https:\/\/diarioregionaldigital.com.br\/index.php?rest_route=\/wp\/v2\/posts\/221861\/revisions\/221863"}],"wp:featuredmedia":[{"embeddable":true,"href":"https:\/\/diarioregionaldigital.com.br\/index.php?rest_route=\/wp\/v2\/media\/221862"}],"wp:attachment":[{"href":"https:\/\/diarioregionaldigital.com.br\/index.php?rest_route=%2Fwp%2Fv2%2Fmedia&parent=221861"}],"wp:term":[{"taxonomy":"category","embeddable":true,"href":"https:\/\/diarioregionaldigital.com.br\/index.php?rest_route=%2Fwp%2Fv2%2Fcategories&post=221861"},{"taxonomy":"post_tag","embeddable":true,"href":"https:\/\/diarioregionaldigital.com.br\/index.php?rest_route=%2Fwp%2Fv2%2Ftags&post=221861"}],"curies":[{"name":"wp","href":"https:\/\/api.w.org\/{rel}","templated":true}]}}