{"id":221851,"date":"2024-03-22T18:30:17","date_gmt":"2024-03-22T21:30:17","guid":{"rendered":"https:\/\/diarioregionaldigital.com.br\/?p=221851"},"modified":"2024-03-22T18:30:17","modified_gmt":"2024-03-22T21:30:17","slug":"feira-noturna-da-praca-da-estacao-agora-conta-com-produtos-de-hortifruti-quitandas-e-laticinios","status":"publish","type":"post","link":"https:\/\/diarioregionaldigital.com.br\/?p=221851","title":{"rendered":"Feira Noturna da Pra\u00e7a da Esta\u00e7\u00e3o agora conta com produtos de hortifruti, quitandas e latic\u00ednios"},"content":{"rendered":"<p>Segundo informa\u00e7\u00f5es do site da Prefeitura de Juiz de Fora (PJF), a partir desta sexta-feira, 22, a popula\u00e7\u00e3o pode aproveitar a Feira Noturna da Pra\u00e7a da Esta\u00e7\u00e3o para adquirir legumes, verduras, frutas, queijos e derivados, ovos, p\u00e3es, bolos, biscoitos e doces.<\/p>\n<div>At\u00e9 ent\u00e3o, a feira funcionava apenas com o segmento de lanches, churrasquinhos, pastel, peixes e chopp, mas, ap\u00f3s pesquisa de satisfa\u00e7\u00e3o realizada no\u00a0per\u00edodo de valida\u00e7\u00e3o desta feira, identificou-se que 80% do p\u00fablico que frequenta a feira sugeriu a inclus\u00e3o destas variedades de produtos.<\/div>\n<p>&nbsp;<\/p>\n<div>A Feira Noturna funciona das 16h \u00e0s 20h30 com o setor de hortifruti, quitandas e latic\u00ednios, j\u00e1 o setor gastron\u00f4mico funciona at\u00e9 as 22h30. Al\u00e9m disso, todas as quartas-feiras ocorre a Feira Noturna na Pra\u00e7a Ant\u00f4nio Carlos.<\/div>\n<p>&nbsp;<\/p>\n<div>Em breve, a Prefeitura de Juiz de Fora (PJF) lan\u00e7ar\u00e1 o edital de concorr\u00eancia de permiss\u00e3o de uso do espa\u00e7o p\u00fablico das feiras noturnas, que poder\u00e1 ter a participa\u00e7\u00e3o de todos os interessados.<\/div>\n","protected":false},"excerpt":{"rendered":"<p>Segundo informa\u00e7\u00f5es do site da Prefeitura de Juiz de Fora (PJF), a partir desta sexta-feira, 22, a popula\u00e7\u00e3o pode aproveitar a Feira Noturna da Pra\u00e7a da Esta\u00e7\u00e3o para adquirir legumes, verduras, frutas, queijos e derivados, ovos, p\u00e3es, bolos, biscoitos e doces. At\u00e9 ent\u00e3o, a feira funcionava apenas com o segmento de lanches, churrasquinhos, pastel, peixes [&hellip;]<\/p>\n","protected":false},"author":246,"featured_media":221852,"comment_status":"closed","ping_status":"closed","sticky":false,"template":"","format":"standard","meta":{"footnotes":""},"categories":[253,436,439],"tags":[],"class_list":["post-221851","post","type-post","status-publish","format-standard","has-post-thumbnail","hentry","category-cidade","category-destaque-da-semana","category-ultima-hora"],"_links":{"self":[{"href":"https:\/\/diarioregionaldigital.com.br\/index.php?rest_route=\/wp\/v2\/posts\/221851","targetHints":{"allow":["GET"]}}],"collection":[{"href":"https:\/\/diarioregionaldigital.com.br\/index.php?rest_route=\/wp\/v2\/posts"}],"about":[{"href":"https:\/\/diarioregionaldigital.com.br\/index.php?rest_route=\/wp\/v2\/types\/post"}],"author":[{"embeddable":true,"href":"https:\/\/diarioregionaldigital.com.br\/index.php?rest_route=\/wp\/v2\/users\/246"}],"replies":[{"embeddable":true,"href":"https:\/\/diarioregionaldigital.com.br\/index.php?rest_route=%2Fwp%2Fv2%2Fcomments&post=221851"}],"version-history":[{"count":1,"href":"https:\/\/diarioregionaldigital.com.br\/index.php?rest_route=\/wp\/v2\/posts\/221851\/revisions"}],"predecessor-version":[{"id":221853,"href":"https:\/\/diarioregionaldigital.com.br\/index.php?rest_route=\/wp\/v2\/posts\/221851\/revisions\/221853"}],"wp:featuredmedia":[{"embeddable":true,"href":"https:\/\/diarioregionaldigital.com.br\/index.php?rest_route=\/wp\/v2\/media\/221852"}],"wp:attachment":[{"href":"https:\/\/diarioregionaldigital.com.br\/index.php?rest_route=%2Fwp%2Fv2%2Fmedia&parent=221851"}],"wp:term":[{"taxonomy":"category","embeddable":true,"href":"https:\/\/diarioregionaldigital.com.br\/index.php?rest_route=%2Fwp%2Fv2%2Fcategories&post=221851"},{"taxonomy":"post_tag","embeddable":true,"href":"https:\/\/diarioregionaldigital.com.br\/index.php?rest_route=%2Fwp%2Fv2%2Ftags&post=221851"}],"curies":[{"name":"wp","href":"https:\/\/api.w.org\/{rel}","templated":true}]}}