{"id":221842,"date":"2024-03-22T18:19:48","date_gmt":"2024-03-22T21:19:48","guid":{"rendered":"https:\/\/diarioregionaldigital.com.br\/?p=221842"},"modified":"2024-03-22T18:19:48","modified_gmt":"2024-03-22T21:19:48","slug":"mauro-cid-sai-preso-apos-depoimento-no-stf","status":"publish","type":"post","link":"https:\/\/diarioregionaldigital.com.br\/?p=221842","title":{"rendered":"Mauro Cid sai preso ap\u00f3s depoimento no STF"},"content":{"rendered":"<p>O ministro Alexandre de Moraes, do Supremo Tribunal Federal (STF), determinou a pris\u00e3o do tenente-coronel Mauro Cid. A pris\u00e3o ocorreu ap\u00f3s ele prestar depoimento por uma hora, nesta sexta-feira (22), na sala de audi\u00eancias do STF. O ex-ajudante de ordens de Jair Bolsonaro foi chamado a prestar depoimento ap\u00f3s a revista Veja publicar \u00e1udios em que o militar critica a atua\u00e7\u00e3o do magistrado e da Pol\u00edcia Federal.<img decoding=\"async\" src=\"https:\/\/agenciabrasil.ebc.com.br\/ebc.png?id=1586867&amp;o=node\" \/><img decoding=\"async\" src=\"https:\/\/agenciabrasil.ebc.com.br\/ebc.gif?id=1586867&amp;o=node\" \/><\/p>\n<p>O depoimento durou cerca de uma hora e foi presidido pelo desembargador Airton Vieira, juiz instrutor do gabinete de Moraes. Tamb\u00e9m esteve presente um representante da Procuradoria-Geral da Rep\u00fablica (PGR), al\u00e9m da defesa do militar.<\/p>\n<p>A pris\u00e3o foi determinada por descumprimento de cautelares impostas contra Cid e por obstru\u00e7\u00e3o de Justi\u00e7a. Ap\u00f3s ser comunicado da pris\u00e3o, ele foi encaminhado ao Instituto M\u00e9dico-Legal (IML) para realiza\u00e7\u00e3o de exames.<\/p>\n<p>De acordo com a reportagem da Veja, Cid afirmou que foi pressionado pela PF a delatar epis\u00f3dios dos quais n\u00e3o tinha conhecimento ou \u201co que n\u00e3o aconteceram\u201d.<\/p>\n<p>O ex-ajudante tamb\u00e9m afirmou, segundo a publica\u00e7\u00e3o, que a Procuradoria-Geral da Rep\u00fablica e Alexandre de Moraes, relator das investiga\u00e7\u00f5es sobre o militar no STF, t\u00eam uma \u201cnarrativa pronta\u201d e estariam aguardando somente o momento certo de \u201cprender todo mundo\u201d.<\/p>\n<h2>Dela\u00e7\u00e3o premiada<\/h2>\n<p>Mauro Cid fechou acordo de colabora\u00e7\u00e3o premiada ap\u00f3s ter sido preso no \u00e2mbito do inqu\u00e9rito que apura fraudes em certificados de vacina\u00e7\u00e3o contra covid-19. Al\u00e9m do caso referente \u00e0s vacinas, Cid cooperou tamb\u00e9m com o inqu\u00e9rito sobre uma tentativa de golpe de Estado que teria sido elaborada no alto escal\u00e3o do governo Bolsonaro.<\/p>\n<h2>Defesa<\/h2>\n<p>Ap\u00f3s a divulga\u00e7\u00e3o da mat\u00e9ria de Veja, a defesa de Mauro Cid,\u00a0em comunicado, n\u00e3o negou a autenticidade dos \u00e1udios. Os advogados disseram que as falas \u201cn\u00e3o passam de um desabafo em que relata o dif\u00edcil momento e a ang\u00fastia pessoal, familiar e profissional pelos quais est\u00e1 passando, advindos da investiga\u00e7\u00e3o e dos efeitos que ela produz perante a sociedade, familiares e colegas de farda\u201d.<\/p>\n<p>Fonte: Ag\u00eancia Brasil<\/p>\n","protected":false},"excerpt":{"rendered":"<p>O ministro Alexandre de Moraes, do Supremo Tribunal Federal (STF), determinou a pris\u00e3o do tenente-coronel Mauro Cid. A pris\u00e3o ocorreu ap\u00f3s ele prestar depoimento por uma hora, nesta sexta-feira (22), na sala de audi\u00eancias do STF. O ex-ajudante de ordens de Jair Bolsonaro foi chamado a prestar depoimento ap\u00f3s a revista Veja publicar \u00e1udios em [&hellip;]<\/p>\n","protected":false},"author":246,"featured_media":221843,"comment_status":"closed","ping_status":"closed","sticky":false,"template":"","format":"standard","meta":{"footnotes":""},"categories":[436,440,254,439],"tags":[],"class_list":["post-221842","post","type-post","status-publish","format-standard","has-post-thumbnail","hentry","category-destaque-da-semana","category-destaques-do-dia","category-politica","category-ultima-hora"],"_links":{"self":[{"href":"https:\/\/diarioregionaldigital.com.br\/index.php?rest_route=\/wp\/v2\/posts\/221842","targetHints":{"allow":["GET"]}}],"collection":[{"href":"https:\/\/diarioregionaldigital.com.br\/index.php?rest_route=\/wp\/v2\/posts"}],"about":[{"href":"https:\/\/diarioregionaldigital.com.br\/index.php?rest_route=\/wp\/v2\/types\/post"}],"author":[{"embeddable":true,"href":"https:\/\/diarioregionaldigital.com.br\/index.php?rest_route=\/wp\/v2\/users\/246"}],"replies":[{"embeddable":true,"href":"https:\/\/diarioregionaldigital.com.br\/index.php?rest_route=%2Fwp%2Fv2%2Fcomments&post=221842"}],"version-history":[{"count":1,"href":"https:\/\/diarioregionaldigital.com.br\/index.php?rest_route=\/wp\/v2\/posts\/221842\/revisions"}],"predecessor-version":[{"id":221844,"href":"https:\/\/diarioregionaldigital.com.br\/index.php?rest_route=\/wp\/v2\/posts\/221842\/revisions\/221844"}],"wp:featuredmedia":[{"embeddable":true,"href":"https:\/\/diarioregionaldigital.com.br\/index.php?rest_route=\/wp\/v2\/media\/221843"}],"wp:attachment":[{"href":"https:\/\/diarioregionaldigital.com.br\/index.php?rest_route=%2Fwp%2Fv2%2Fmedia&parent=221842"}],"wp:term":[{"taxonomy":"category","embeddable":true,"href":"https:\/\/diarioregionaldigital.com.br\/index.php?rest_route=%2Fwp%2Fv2%2Fcategories&post=221842"},{"taxonomy":"post_tag","embeddable":true,"href":"https:\/\/diarioregionaldigital.com.br\/index.php?rest_route=%2Fwp%2Fv2%2Ftags&post=221842"}],"curies":[{"name":"wp","href":"https:\/\/api.w.org\/{rel}","templated":true}]}}