{"id":221836,"date":"2024-03-21T18:22:33","date_gmt":"2024-03-21T21:22:33","guid":{"rendered":"https:\/\/diarioregionaldigital.com.br\/?p=221836"},"modified":"2024-03-21T18:22:33","modified_gmt":"2024-03-21T21:22:33","slug":"nos-no-bairro-promove-servicos-e-lazer-em-benfica-neste-sabado","status":"publish","type":"post","link":"https:\/\/diarioregionaldigital.com.br\/?p=221836","title":{"rendered":"\u201cN\u00f3s no Bairro\u201d promove servi\u00e7os e lazer em Benfica neste s\u00e1bado"},"content":{"rendered":"<div id=\"box_texto_noticia\">\n<div>Segundo informa\u00e7\u00f5es do site da Prefeitura de Juiz de Fora (PJF), neste s\u00e1bado, 23, a Prefeitura de Juiz de Fora (PJF) e a TV Integra\u00e7\u00e3o promovem mais uma edi\u00e7\u00e3o do \u201cN\u00f3s no Bairro\u201d. Das 9h \u00e0s 13h, na pra\u00e7a Coronel Jeremias Garcia, em Benfica, ser\u00e3o oferecidos diversos servi\u00e7os e atividades de lazer, como vacina\u00e7\u00e3o, distribui\u00e7\u00e3o de mudas e brinquedos.<\/div>\n<div>O evento contar\u00e1 com atividades de lazer, como brinquedos infl\u00e1veis, jogos de mesa, parquinho infantil, triciclos, cama el\u00e1stica, slackline e jogos com bolas. Tamb\u00e9m ser\u00e3o oferecidas atividades l\u00fadicas, como pinturas, experi\u00eancia sensorial que ajuda a conscientizar sobre a preserva\u00e7\u00e3o dos recursos h\u00eddricos e a distribui\u00e7\u00e3o de mudas de plantas.<\/div>\n<div>Entre os servi\u00e7os oferecidos, est\u00e3o orienta\u00e7\u00f5es sobre benef\u00edcios do cidad\u00e3o com o Cras Norte, recarga de cart\u00e3o de \u00f4nibus, recrea\u00e7\u00e3o tur\u00edstica infantil, cadastro de castra\u00e7\u00e3o animal, vacina\u00e7\u00e3o antirr\u00e1bica e humana, orienta\u00e7\u00f5es sobre sa\u00fade bucal, aferi\u00e7\u00e3o de press\u00e3o, glicose e orienta\u00e7\u00f5es m\u00e9dicas com o Laborat\u00f3rio C\u00f4rtes Villela.<\/div>\n<div>Haver\u00e1 apresenta\u00e7\u00e3o de karat\u00ea e atividades da Casa da Mulher com varal solid\u00e1rio, atendimento, din\u00e2mica com bal\u00f5es e atividades para crian\u00e7as. A Defesa Civil da PJF tamb\u00e9m estar\u00e1 presente com maquetes e experi\u00eancias sobre percep\u00e7\u00e3o de riscos, distribui\u00e7\u00e3o de pluvi\u00f4metros de garrafas pet e revistas educativas. Quem anima o evento \u00e9 o Grupo Virtude e a dupla sertaneja Monique e Leonardo que levar\u00e3o muita m\u00fasica e divers\u00e3o para a popula\u00e7\u00e3o.<\/div>\n<div>Essa edi\u00e7\u00e3o do \u201cN\u00f3s no Bairro\u201d conta com o apoio das seguintes secretarias da PJF: Secretaria de Governo (SG); Secretaria de Esporte e Lazer (SEL); Secretaria Municipal de Sustentabilidade em Meio Ambiente e Atividades Urbanas (Sesmaur); Secretaria de Turismo (Setur); Secretaria de Sa\u00fade (SS); Secretaria de Planejamento do Territ\u00f3rio e Participa\u00e7\u00e3o Popular (Seppop); Juiz de Fora Previd\u00eancia (JFPrev).<\/div>\n<\/div>\n<p>&nbsp;<\/p>\n<div id=\"box_compartilhar\" align=\"right\"><\/div>\n","protected":false},"excerpt":{"rendered":"<p>Segundo informa\u00e7\u00f5es do site da Prefeitura de Juiz de Fora (PJF), neste s\u00e1bado, 23, a Prefeitura de Juiz de Fora (PJF) e a TV Integra\u00e7\u00e3o promovem mais uma edi\u00e7\u00e3o do \u201cN\u00f3s no Bairro\u201d. Das 9h \u00e0s 13h, na pra\u00e7a Coronel Jeremias Garcia, em Benfica, ser\u00e3o oferecidos diversos servi\u00e7os e atividades de lazer, como vacina\u00e7\u00e3o, distribui\u00e7\u00e3o [&hellip;]<\/p>\n","protected":false},"author":246,"featured_media":221837,"comment_status":"closed","ping_status":"closed","sticky":false,"template":"","format":"standard","meta":{"footnotes":""},"categories":[253,436,439],"tags":[],"class_list":["post-221836","post","type-post","status-publish","format-standard","has-post-thumbnail","hentry","category-cidade","category-destaque-da-semana","category-ultima-hora"],"_links":{"self":[{"href":"https:\/\/diarioregionaldigital.com.br\/index.php?rest_route=\/wp\/v2\/posts\/221836","targetHints":{"allow":["GET"]}}],"collection":[{"href":"https:\/\/diarioregionaldigital.com.br\/index.php?rest_route=\/wp\/v2\/posts"}],"about":[{"href":"https:\/\/diarioregionaldigital.com.br\/index.php?rest_route=\/wp\/v2\/types\/post"}],"author":[{"embeddable":true,"href":"https:\/\/diarioregionaldigital.com.br\/index.php?rest_route=\/wp\/v2\/users\/246"}],"replies":[{"embeddable":true,"href":"https:\/\/diarioregionaldigital.com.br\/index.php?rest_route=%2Fwp%2Fv2%2Fcomments&post=221836"}],"version-history":[{"count":1,"href":"https:\/\/diarioregionaldigital.com.br\/index.php?rest_route=\/wp\/v2\/posts\/221836\/revisions"}],"predecessor-version":[{"id":221838,"href":"https:\/\/diarioregionaldigital.com.br\/index.php?rest_route=\/wp\/v2\/posts\/221836\/revisions\/221838"}],"wp:featuredmedia":[{"embeddable":true,"href":"https:\/\/diarioregionaldigital.com.br\/index.php?rest_route=\/wp\/v2\/media\/221837"}],"wp:attachment":[{"href":"https:\/\/diarioregionaldigital.com.br\/index.php?rest_route=%2Fwp%2Fv2%2Fmedia&parent=221836"}],"wp:term":[{"taxonomy":"category","embeddable":true,"href":"https:\/\/diarioregionaldigital.com.br\/index.php?rest_route=%2Fwp%2Fv2%2Fcategories&post=221836"},{"taxonomy":"post_tag","embeddable":true,"href":"https:\/\/diarioregionaldigital.com.br\/index.php?rest_route=%2Fwp%2Fv2%2Ftags&post=221836"}],"curies":[{"name":"wp","href":"https:\/\/api.w.org\/{rel}","templated":true}]}}