{"id":221826,"date":"2024-03-21T18:16:50","date_gmt":"2024-03-21T21:16:50","guid":{"rendered":"https:\/\/diarioregionaldigital.com.br\/?p=221826"},"modified":"2024-03-21T18:16:50","modified_gmt":"2024-03-21T21:16:50","slug":"defesa-civil-emite-alerta-de-chuva-intensa-valido-ate-segunda-feira-25","status":"publish","type":"post","link":"https:\/\/diarioregionaldigital.com.br\/?p=221826","title":{"rendered":"Defesa Civil emite alerta de chuva intensa v\u00e1lido at\u00e9 segunda-feira, 25"},"content":{"rendered":"<p>Segundo informa\u00e7\u00f5es do site da Prefeitura de Juiz de Fora (PJF), a Defesa Civil da Prefeitura de Juiz de Fora (PJF) emitiu alerta de chuvas intensas, com acumulados significativos. O alerta \u00e9 v\u00e1lido entre esta quinta-feira, 21, e a manh\u00e3 da pr\u00f3xima segunda-feira, 25.<\/p>\n<p>Conforme previs\u00e3o do Instituto Nacional de Meteorologia (Inmet), a frente fria avan\u00e7ar\u00e1 sobre o litoral do Sudeste e deixar\u00e1 o tempo inst\u00e1vel com previs\u00e3o de chuvas intensas, tempestades severas e acumulados pluviom\u00e9tricos significativos em boa parte do estado de Minas Gerais. Diante da previs\u00e3o de chuva intensa, a Defesa Civil alerta para a possibilidade de alagamento, transbordamento de rios e c\u00f3rregos e deslizamentos de terra.<\/p>\n<p>A popula\u00e7\u00e3o deve ficar atenta para ind\u00edcios de amea\u00e7a de deslizamentos, como trincas e fissuras nas moradias e trincas e movimenta\u00e7\u00e3o de solo nos terrenos. Quem estiver em local seguro, deve permanecer at\u00e9 o fim da chuva intensa. Al\u00e9m disso, as pessoas devem evitar transitar em \u00e1reas com hist\u00f3rico de alagamento e pr\u00f3ximas a c\u00f3rregos, canais e rios. Caso necess\u00e1rio, a Defesa Civil deve ser acionada pelo n\u00famero 199.<\/p>\n<p>A Defesa Civil ressalta a import\u00e2ncia de se cadastrar no sistema de emiss\u00e3o de alertas meteorol\u00f3gicos. O servi\u00e7o \u00e9 gratuito, basta enviar uma mensagem de texto (SMS) com o CEP do local desejado para o n\u00famero 40199.<\/p>\n<p>&nbsp;<\/p>\n<p>&nbsp;<\/p>\n","protected":false},"excerpt":{"rendered":"<p>Segundo informa\u00e7\u00f5es do site da Prefeitura de Juiz de Fora (PJF), a Defesa Civil da Prefeitura de Juiz de Fora (PJF) emitiu alerta de chuvas intensas, com acumulados significativos. O alerta \u00e9 v\u00e1lido entre esta quinta-feira, 21, e a manh\u00e3 da pr\u00f3xima segunda-feira, 25. Conforme previs\u00e3o do Instituto Nacional de Meteorologia (Inmet), a frente fria [&hellip;]<\/p>\n","protected":false},"author":246,"featured_media":221827,"comment_status":"closed","ping_status":"closed","sticky":false,"template":"","format":"standard","meta":{"footnotes":""},"categories":[253,436,440,439],"tags":[],"class_list":["post-221826","post","type-post","status-publish","format-standard","has-post-thumbnail","hentry","category-cidade","category-destaque-da-semana","category-destaques-do-dia","category-ultima-hora"],"_links":{"self":[{"href":"https:\/\/diarioregionaldigital.com.br\/index.php?rest_route=\/wp\/v2\/posts\/221826","targetHints":{"allow":["GET"]}}],"collection":[{"href":"https:\/\/diarioregionaldigital.com.br\/index.php?rest_route=\/wp\/v2\/posts"}],"about":[{"href":"https:\/\/diarioregionaldigital.com.br\/index.php?rest_route=\/wp\/v2\/types\/post"}],"author":[{"embeddable":true,"href":"https:\/\/diarioregionaldigital.com.br\/index.php?rest_route=\/wp\/v2\/users\/246"}],"replies":[{"embeddable":true,"href":"https:\/\/diarioregionaldigital.com.br\/index.php?rest_route=%2Fwp%2Fv2%2Fcomments&post=221826"}],"version-history":[{"count":1,"href":"https:\/\/diarioregionaldigital.com.br\/index.php?rest_route=\/wp\/v2\/posts\/221826\/revisions"}],"predecessor-version":[{"id":221828,"href":"https:\/\/diarioregionaldigital.com.br\/index.php?rest_route=\/wp\/v2\/posts\/221826\/revisions\/221828"}],"wp:featuredmedia":[{"embeddable":true,"href":"https:\/\/diarioregionaldigital.com.br\/index.php?rest_route=\/wp\/v2\/media\/221827"}],"wp:attachment":[{"href":"https:\/\/diarioregionaldigital.com.br\/index.php?rest_route=%2Fwp%2Fv2%2Fmedia&parent=221826"}],"wp:term":[{"taxonomy":"category","embeddable":true,"href":"https:\/\/diarioregionaldigital.com.br\/index.php?rest_route=%2Fwp%2Fv2%2Fcategories&post=221826"},{"taxonomy":"post_tag","embeddable":true,"href":"https:\/\/diarioregionaldigital.com.br\/index.php?rest_route=%2Fwp%2Fv2%2Ftags&post=221826"}],"curies":[{"name":"wp","href":"https:\/\/api.w.org\/{rel}","templated":true}]}}