{"id":221817,"date":"2024-03-21T18:10:32","date_gmt":"2024-03-21T21:10:32","guid":{"rendered":"https:\/\/diarioregionaldigital.com.br\/?p=221817"},"modified":"2024-03-21T18:10:32","modified_gmt":"2024-03-21T21:10:32","slug":"dino-rejeita-recurso-de-bolsonaro-contra-multa-aplicada-pelo-tse","status":"publish","type":"post","link":"https:\/\/diarioregionaldigital.com.br\/?p=221817","title":{"rendered":"Dino rejeita recurso de Bolsonaro contra multa aplicada pelo TSE"},"content":{"rendered":"<p>O ministro do Supremo Tribunal Federal (STF) Fl\u00e1vio Dino, \u00a0negou, nesta quinta-feira (21), recurso de Jair Bolsonaro para anular a decis\u00e3o que condenou o ex-presidente ao pagamento de R$ 70 mil por impulsionamento ilegal durante a campanha eleitoral de 2022.<img decoding=\"async\" src=\"https:\/\/agenciabrasil.ebc.com.br\/ebc.png?id=1586695&amp;o=node\" \/><img decoding=\"async\" src=\"https:\/\/agenciabrasil.ebc.com.br\/ebc.gif?id=1586695&amp;o=node\" \/><\/p>\n<p>Os advogados da campanha de Bolsonaro recorreram ao Supremo para tentar anular decis\u00e3o do Tribunal Superior Eleitoral (TSE) que reconheceu a ilegalidade cometida contra a campanha do presidente Luiz In\u00e1cio Lula da Silva.<\/p>\n<p>Ao analisar a pe\u00e7a, Dino rejeitou o recurso por raz\u00f5es processuais. Para o ministro, a jurisprud\u00eancia do Supremo impede a reavalia\u00e7\u00e3o das provas julgadas pelo TSE.<\/p>\n<p>&#8220;Houve reconhecimento de que estes n\u00e3o s\u00f3 efetivaram impulsionamento de conte\u00fado negativo na internet como tamb\u00e9m n\u00e3o identificaram de forma inequ\u00edvoca, clara e leg\u00edvel o n\u00famero de inscri\u00e7\u00e3o no CNPJ [Cadastro Nacional de Pessoa Jur\u00eddica] ou o n\u00famero de inscri\u00e7\u00e3o no CPF [Cadastro Nacional de Pessoa F\u00edsica] da pessoa respons\u00e1vel, al\u00e9m de que n\u00e3o colocaram a express\u00e3o \u201cPropaganda Eleitoral\u201d, desrespeitando as regras&#8221;, escreveu Dino.<\/p>\n<p>Ex-ministro da Justi\u00e7a e Seguran\u00e7a do governo Lula, Dino foi empossado no Supremo no m\u00eas passado. Ele tamb\u00e9m \u00e9 relator de mais 350 processos, entre os quais, a\u00e7\u00f5es contra a \u00a0atua\u00e7\u00e3o de Jair Bolsonaro durante a pandemia de covid-19 e sobre a legalidade dos indultos natalinos assinados durante a gest\u00e3o do ex-presidente.<\/p>\n<p>Fonte: Ag\u00eancia Brasil<\/p>\n","protected":false},"excerpt":{"rendered":"<p>O ministro do Supremo Tribunal Federal (STF) Fl\u00e1vio Dino, \u00a0negou, nesta quinta-feira (21), recurso de Jair Bolsonaro para anular a decis\u00e3o que condenou o ex-presidente ao pagamento de R$ 70 mil por impulsionamento ilegal durante a campanha eleitoral de 2022. Os advogados da campanha de Bolsonaro recorreram ao Supremo para tentar anular decis\u00e3o do Tribunal [&hellip;]<\/p>\n","protected":false},"author":246,"featured_media":221818,"comment_status":"closed","ping_status":"closed","sticky":false,"template":"","format":"standard","meta":{"footnotes":""},"categories":[436,254,439],"tags":[],"class_list":["post-221817","post","type-post","status-publish","format-standard","has-post-thumbnail","hentry","category-destaque-da-semana","category-politica","category-ultima-hora"],"_links":{"self":[{"href":"https:\/\/diarioregionaldigital.com.br\/index.php?rest_route=\/wp\/v2\/posts\/221817","targetHints":{"allow":["GET"]}}],"collection":[{"href":"https:\/\/diarioregionaldigital.com.br\/index.php?rest_route=\/wp\/v2\/posts"}],"about":[{"href":"https:\/\/diarioregionaldigital.com.br\/index.php?rest_route=\/wp\/v2\/types\/post"}],"author":[{"embeddable":true,"href":"https:\/\/diarioregionaldigital.com.br\/index.php?rest_route=\/wp\/v2\/users\/246"}],"replies":[{"embeddable":true,"href":"https:\/\/diarioregionaldigital.com.br\/index.php?rest_route=%2Fwp%2Fv2%2Fcomments&post=221817"}],"version-history":[{"count":1,"href":"https:\/\/diarioregionaldigital.com.br\/index.php?rest_route=\/wp\/v2\/posts\/221817\/revisions"}],"predecessor-version":[{"id":221819,"href":"https:\/\/diarioregionaldigital.com.br\/index.php?rest_route=\/wp\/v2\/posts\/221817\/revisions\/221819"}],"wp:featuredmedia":[{"embeddable":true,"href":"https:\/\/diarioregionaldigital.com.br\/index.php?rest_route=\/wp\/v2\/media\/221818"}],"wp:attachment":[{"href":"https:\/\/diarioregionaldigital.com.br\/index.php?rest_route=%2Fwp%2Fv2%2Fmedia&parent=221817"}],"wp:term":[{"taxonomy":"category","embeddable":true,"href":"https:\/\/diarioregionaldigital.com.br\/index.php?rest_route=%2Fwp%2Fv2%2Fcategories&post=221817"},{"taxonomy":"post_tag","embeddable":true,"href":"https:\/\/diarioregionaldigital.com.br\/index.php?rest_route=%2Fwp%2Fv2%2Ftags&post=221817"}],"curies":[{"name":"wp","href":"https:\/\/api.w.org\/{rel}","templated":true}]}}