{"id":221811,"date":"2024-03-21T18:06:02","date_gmt":"2024-03-21T21:06:02","guid":{"rendered":"https:\/\/diarioregionaldigital.com.br\/?p=221811"},"modified":"2024-03-21T18:06:02","modified_gmt":"2024-03-21T21:06:02","slug":"fazenda-reduz-previsao-oficial-de-inflacao-para-35-em-2024","status":"publish","type":"post","link":"https:\/\/diarioregionaldigital.com.br\/?p=221811","title":{"rendered":"Fazenda reduz previs\u00e3o oficial de infla\u00e7\u00e3o para 3,5% em 2024"},"content":{"rendered":"<p>A Secretaria de Pol\u00edtica Econ\u00f4mica (SPE) do Minist\u00e9rio da Fazenda reduziu de 3,55% para 3,5% a proje\u00e7\u00e3o de infla\u00e7\u00e3o oficial em 2024. A estimativa para o crescimento da economia foi mantida em 2,2%. As previs\u00f5es est\u00e3o no Boletim Macrofiscal, divulgado nesta quinta-feira (21).<img decoding=\"async\" src=\"https:\/\/agenciabrasil.ebc.com.br\/ebc.png?id=1586691&amp;o=node\" \/><img decoding=\"async\" src=\"https:\/\/agenciabrasil.ebc.com.br\/ebc.gif?id=1586691&amp;o=node\" \/><\/p>\n<p>A proje\u00e7\u00e3o de infla\u00e7\u00e3o pelo \u00cdndice Nacional de Pre\u00e7os ao Consumidor Amplo (IPCA) est\u00e1 dentro da meta de infla\u00e7\u00e3o \u00a0para o ano, definida pelo Conselho Monet\u00e1rio Nacional (CMN) em 3%, com intervalo de toler\u00e2ncia de 1,5 ponto percentual para cima ou para baixo. Ou seja, o limite inferior \u00e9 1,5% e o superior, 4,5%. Para 2025, a estimativa avan\u00e7ou de 3% para 3,1%.<\/p>\n<p>Segundo a SPE, o impacto do fen\u00f4meno El Ni\u00f1o sobre a infla\u00e7\u00e3o de alimentos, no etanol e nas tarifas de energia el\u00e9trica foi menos intenso do que o inicialmente esperado. Al\u00e9m disso, reajustes recentes de pre\u00e7os monitorados ficaram abaixo da expectativa, com destaque para licenciamento e emplacamento de ve\u00edculos e tarifas de energia.<\/p>\n<p>Os servi\u00e7os, cuja infla\u00e7\u00e3o est\u00e1 desacelerando, tamb\u00e9m contribu\u00edram para a revis\u00e3o para baixo da estimativa. Outro fator que contribui para segurar a infla\u00e7\u00e3o \u00e9 a economia internacional. De acordo com a SPE, os pre\u00e7os de bens industriais ainda se beneficiam com o excesso de capacidade ociosa na China.<\/p>\n<p>O \u00cdndice Nacional de Pre\u00e7os ao Consumidor (INPC), usado para estabelecer o valor do sal\u00e1rio m\u00ednimo e corrigir aposentadorias, dever\u00e1 encerrar este ano com varia\u00e7\u00e3o de 3,25%, no mesmo n\u00edvel do boletim anterior, divulgado em novembro do ano passado. A proje\u00e7\u00e3o para o \u00cdndice Geral de Pre\u00e7os \u2013 Disponibilidade Interna (IGP-DI), que inclui o setor atacadista, o custo da constru\u00e7\u00e3o civil e o consumidor final, caiu de 4% para 3,5% este ano.<\/p>\n<h2>PIB<\/h2>\n<p>Quanto ao Produto Interno Bruto (PIB), a manuten\u00e7\u00e3o da estimativa de alta de 2,2% em 2024 decorre do fato de a SPE esperar um crescimento mais equilibrado neste ano, baseado no avan\u00e7o de setores c\u00edclicos e na expans\u00e3o da absor\u00e7\u00e3o dom\u00e9stica (consumo e importa\u00e7\u00e3o do pa\u00eds). A SPE, no entanto, destaca que a proje\u00e7\u00e3o foi fechada em 13 de mar\u00e7o, antes da divulga\u00e7\u00e3o de dados recentes que apontaram crescimento acima do previsto no com\u00e9rcio e nos servi\u00e7os.<\/p>\n<p>Apesar de a proje\u00e7\u00e3o para o crescimento ter permanecido est\u00e1vel, houve revis\u00e3o nas estimativas de PIB por setor produtivo. Para a agropecu\u00e1ria, a estimativa passou de previs\u00e3o de crescimento de 0,5%, divulgada no boletim de novembro, para queda de 1,3%, refletindo principalmente a redu\u00e7\u00e3o nos progn\u00f3sticos para a safra em 2024. Em contrapartida, a proje\u00e7\u00e3o de crescimento dos servi\u00e7os para 2024 aumentou de 2,2% para 2,4%.<\/p>\n<p>Para a ind\u00fastria, a previs\u00e3o passou de alta de 2,4% para 2,5%. De acordo com a SPE, o setor dever\u00e1 ser impulsionado pela recupera\u00e7\u00e3o da produ\u00e7\u00e3o manufatureira e da constru\u00e7\u00e3o, com reflexo nos investimentos. A partir de 2025, a SPE espera-se crescimento em torno de 2,5%.<\/p>\n<p>A pasta tamb\u00e9m atribui proje\u00e7\u00f5es menos otimistas para o setor de servi\u00e7os no restante do ano. Para 2024, a estimativa de crescimento econ\u00f4mico caiu de 2,3% para 2,2%.<\/p>\n<p>Os n\u00fameros do Boletim Macrofiscal s\u00e3o usados no Relat\u00f3rio de Avalia\u00e7\u00e3o de Receitas e Despesas, que ser\u00e1 divulgado nesta sexta-feira (22). Publicado a cada dois meses, o relat\u00f3rio traz previs\u00f5es para a execu\u00e7\u00e3o do Or\u00e7amento com base no desempenho das receitas e da previs\u00e3o de gastos do governo, com o PIB e a infla\u00e7\u00e3o entrando em alguns c\u00e1lculos.<\/p>\n<p>Com base no cumprimento da meta de d\u00e9ficit prim\u00e1rio e do limite de gastos do novo arcabou\u00e7o fiscal, o governo bloqueia alguns gastos n\u00e3o obrigat\u00f3rios.<\/p>\n<p>Fonte: Ag\u00eancia Brasil<\/p>\n","protected":false},"excerpt":{"rendered":"<p>A Secretaria de Pol\u00edtica Econ\u00f4mica (SPE) do Minist\u00e9rio da Fazenda reduziu de 3,55% para 3,5% a proje\u00e7\u00e3o de infla\u00e7\u00e3o oficial em 2024. A estimativa para o crescimento da economia foi mantida em 2,2%. As previs\u00f5es est\u00e3o no Boletim Macrofiscal, divulgado nesta quinta-feira (21). A proje\u00e7\u00e3o de infla\u00e7\u00e3o pelo \u00cdndice Nacional de Pre\u00e7os ao Consumidor Amplo [&hellip;]<\/p>\n","protected":false},"author":246,"featured_media":221812,"comment_status":"closed","ping_status":"closed","sticky":false,"template":"","format":"standard","meta":{"footnotes":""},"categories":[436,261,439],"tags":[],"class_list":["post-221811","post","type-post","status-publish","format-standard","has-post-thumbnail","hentry","category-destaque-da-semana","category-economia","category-ultima-hora"],"_links":{"self":[{"href":"https:\/\/diarioregionaldigital.com.br\/index.php?rest_route=\/wp\/v2\/posts\/221811","targetHints":{"allow":["GET"]}}],"collection":[{"href":"https:\/\/diarioregionaldigital.com.br\/index.php?rest_route=\/wp\/v2\/posts"}],"about":[{"href":"https:\/\/diarioregionaldigital.com.br\/index.php?rest_route=\/wp\/v2\/types\/post"}],"author":[{"embeddable":true,"href":"https:\/\/diarioregionaldigital.com.br\/index.php?rest_route=\/wp\/v2\/users\/246"}],"replies":[{"embeddable":true,"href":"https:\/\/diarioregionaldigital.com.br\/index.php?rest_route=%2Fwp%2Fv2%2Fcomments&post=221811"}],"version-history":[{"count":1,"href":"https:\/\/diarioregionaldigital.com.br\/index.php?rest_route=\/wp\/v2\/posts\/221811\/revisions"}],"predecessor-version":[{"id":221813,"href":"https:\/\/diarioregionaldigital.com.br\/index.php?rest_route=\/wp\/v2\/posts\/221811\/revisions\/221813"}],"wp:featuredmedia":[{"embeddable":true,"href":"https:\/\/diarioregionaldigital.com.br\/index.php?rest_route=\/wp\/v2\/media\/221812"}],"wp:attachment":[{"href":"https:\/\/diarioregionaldigital.com.br\/index.php?rest_route=%2Fwp%2Fv2%2Fmedia&parent=221811"}],"wp:term":[{"taxonomy":"category","embeddable":true,"href":"https:\/\/diarioregionaldigital.com.br\/index.php?rest_route=%2Fwp%2Fv2%2Fcategories&post=221811"},{"taxonomy":"post_tag","embeddable":true,"href":"https:\/\/diarioregionaldigital.com.br\/index.php?rest_route=%2Fwp%2Fv2%2Ftags&post=221811"}],"curies":[{"name":"wp","href":"https:\/\/api.w.org\/{rel}","templated":true}]}}