{"id":221808,"date":"2024-03-21T18:04:02","date_gmt":"2024-03-21T21:04:02","guid":{"rendered":"https:\/\/diarioregionaldigital.com.br\/?p=221808"},"modified":"2024-03-21T18:04:02","modified_gmt":"2024-03-21T21:04:02","slug":"receita-recebe-mais-de-5-milhoes-de-declaracoes-do-imposto-de-renda","status":"publish","type":"post","link":"https:\/\/diarioregionaldigital.com.br\/?p=221808","title":{"rendered":"Receita recebe mais de 5 milh\u00f5es de declara\u00e7\u00f5es do Imposto de Renda"},"content":{"rendered":"<p>Nos seis primeiros dias do prazo, mais de 5 milh\u00f5es de contribuintes acertaram as contas com o Le\u00e3o. At\u00e9 as 14h46 desta quinta-feira (21), a Receita Federal recebeu 5.044.251 declara\u00e7\u00f5es. Isso equivale a 11,73% das 43 milh\u00f5es de declara\u00e7\u00f5es esperadas para este ano.<img decoding=\"async\" src=\"https:\/\/agenciabrasil.ebc.com.br\/ebc.png?id=1586693&amp;o=node\" \/><img decoding=\"async\" src=\"https:\/\/agenciabrasil.ebc.com.br\/ebc.gif?id=1586693&amp;o=node\" \/><\/p>\n<p>O\u00a0<a href=\"https:\/\/agenciabrasil.ebc.com.br\/economia\/noticia\/2024-03\/prazo-de-entrega-da-declaracao-do-imposto-de-renda-comeca-nesta-sexta\" target=\"_blank\" rel=\"noopener\">prazo de entrega<\/a>\u00a0da declara\u00e7\u00e3o come\u00e7ou \u00e0s 8h da \u00faltima sexta-feira (15) e vai at\u00e9 as 23h59min59s de 31 de maio. O novo intervalo, segundo a Receita, foi necess\u00e1rio para que todos os contribuintes tenham acesso \u00e0 declara\u00e7\u00e3o pr\u00e9-preenchida, que \u00e9 enviada duas semanas ap\u00f3s a entrega dos informes de rendimentos pelos empregadores, pelos planos de sa\u00fade e pelas institui\u00e7\u00f5es financeiras.<\/p>\n<p>Segundo a Receita Federal, 84,8% das declara\u00e7\u00f5es entregues at\u00e9 agora ter\u00e3o direito a receber restitui\u00e7\u00e3o, enquanto 8,6% ter\u00e3o que pagar Imposto de Renda e 6,6% n\u00e3o t\u00eam imposto a pagar nem a receber. A maioria dos documentos foi preenchida a partir do programa de computador (73,6%), mas 15% dos contribuintes recorrem ao preenchimento\u00a0<em>online<\/em>, que deixa o rascunho da declara\u00e7\u00e3o salvo nos computadores do Fisco (nuvem da Receita), e 11,5% declaram pelo aplicativo Meu Imposto de Renda.<\/p>\n<p>Um total de 45,2% dos contribuintes que entregaram o documento \u00e0 Receita Federal usaram a declara\u00e7\u00e3o pr\u00e9-preenchida, por meio da qual o declarante baixa uma vers\u00e3o preliminar do documento, bastando confirmar as informa\u00e7\u00f5es ou retificar os dados. A op\u00e7\u00e3o de desconto simplificado representa 58,2% dos envios.<\/p>\n<h2>Novo prazo<\/h2>\n<p>At\u00e9 2019, o prazo de entrega da declara\u00e7\u00e3o come\u00e7ava no primeiro dia \u00fatil de mar\u00e7o e ia at\u00e9 o \u00faltimo dia \u00fatil de abril. A partir da pandemia de covid-19, a entrega passou a ocorrer entre mar\u00e7o e ia at\u00e9 31 de maio. Desde 2023, passou a vigorar o prazo mais tardio, com o in\u00edcio do envio em 15 de mar\u00e7o, o que d\u00e1 mais tempo aos contribuintes para prepararem a declara\u00e7\u00e3o desde o fim de fevereiro, quando chegam os informes de rendimentos.<\/p>\n<p>Outro fator que impulsionou o recorde foi a antecipa\u00e7\u00e3o do\u00a0<em>download<\/em>\u00a0do\u00a0<a href=\"https:\/\/agenciabrasil.ebc.com.br\/economia\/noticia\/2024-03\/receita-antecipa-liberacao-de-programa-gerador-do-ir-2024\" target=\"_blank\" rel=\"noopener\">programa gerador\u00a0<\/a>da declara\u00e7\u00e3o. Inicialmente previsto para ser liberado a partir desta sexta, o programa foi antecipado para ter\u00e7a-feira passada (12).<\/p>\n<p>Segundo a Receita Federal, a expectativa \u00e9 que sejam recebidas 43 milh\u00f5es de declara\u00e7\u00f5es neste ano, n\u00famero superior ao recorde do ano passado, quando o Fisco recebeu 41.151.515 documentos. Quem enviar a declara\u00e7\u00e3o depois do prazo pagar\u00e1 multa de R$ 165,74 ou 20% do imposto devido, prevalecendo o maior valor.<\/p>\n<h2>Novidades<\/h2>\n<p>Neste ano, a declara\u00e7\u00e3o ter\u00e1 algumas mudan\u00e7as, das quais a principal \u00e9 o aumento do limite de rendimentos que obriga o envio do documento por causa da mudan\u00e7a na faixa de isen\u00e7\u00e3o. O limite de rendimentos tribut\u00e1veis que obriga o contribuinte a declarar subiu de R$ 28.559,70 para R$ 30.639,90.<\/p>\n<p>Em maio do ano passado, o governo elevou a\u00a0<a href=\"https:\/\/agenciabrasil.ebc.com.br\/economia\/noticia\/2023-05\/mp-eleva-isencao-de-ir-para-r-2640-e-taxa-rendimentos-no-exterior\" target=\"_blank\" rel=\"noopener\">faixa de isen\u00e7\u00e3o<\/a>\u00a0para R$ 2.640, o equivalente a dois sal\u00e1rios m\u00ednimos na \u00e9poca. A mudan\u00e7a n\u00e3o corrigiu as demais faixas da tabela, apenas elevou o limite at\u00e9 o qual o contribuinte \u00e9 isento.<\/p>\n<p>Mesmo com as faixas superiores da tabela n\u00e3o sendo corrigidas, a mudan\u00e7a ocasionou uma sequ\u00eancia de efeitos em cascata que se refletir\u00e3o sobre a obrigatoriedade da declara\u00e7\u00e3o e os valores de dedu\u00e7\u00e3o. Al\u00e9m disso, a Lei 14.663\/2023 elevou o limite de rendimentos isentos e n\u00e3o tribut\u00e1veis e de patrim\u00f4nio m\u00ednimo para declarar Imposto de Renda.<\/p>\n<div class=\"dnd-widget-wrapper context-cheio_8colunas type-image\">\n<div class=\"dnd-atom-rendered\">\n<div class=\"shadow overflow-hidden rounded-lg d-block w-100\"><img decoding=\"async\" class=\"flex-fill img-cover\" title=\"Arte\/Ag\u00eancia Brasil\" src=\"https:\/\/imagens.ebc.com.br\/8xLSSeYL4jAivsReWj2BZ9jRXRk=\/754x0\/smart\/https:\/\/agenciabrasil.ebc.com.br\/sites\/default\/files\/thumbnails\/image\/2024\/03\/07\/irpf-2024-v1.png?itok=DIYAEdK-\" alt=\"arte imposto de renda 2024\" \/><\/div>\n<\/div>\n<div class=\"dnd-caption-wrapper\">\n<div class=\"meta\">Arte\/Ag\u00eancia Brasil<\/p>\n<p>Fonte: Ag\u00eancia Brasil<strong><br \/>\n<\/strong><\/div>\n<\/div>\n<\/div>\n","protected":false},"excerpt":{"rendered":"<p>Nos seis primeiros dias do prazo, mais de 5 milh\u00f5es de contribuintes acertaram as contas com o Le\u00e3o. At\u00e9 as 14h46 desta quinta-feira (21), a Receita Federal recebeu 5.044.251 declara\u00e7\u00f5es. Isso equivale a 11,73% das 43 milh\u00f5es de declara\u00e7\u00f5es esperadas para este ano. O\u00a0prazo de entrega\u00a0da declara\u00e7\u00e3o come\u00e7ou \u00e0s 8h da \u00faltima sexta-feira (15) e [&hellip;]<\/p>\n","protected":false},"author":246,"featured_media":221809,"comment_status":"closed","ping_status":"closed","sticky":false,"template":"","format":"standard","meta":{"footnotes":""},"categories":[436,440,261,439],"tags":[],"class_list":["post-221808","post","type-post","status-publish","format-standard","has-post-thumbnail","hentry","category-destaque-da-semana","category-destaques-do-dia","category-economia","category-ultima-hora"],"_links":{"self":[{"href":"https:\/\/diarioregionaldigital.com.br\/index.php?rest_route=\/wp\/v2\/posts\/221808","targetHints":{"allow":["GET"]}}],"collection":[{"href":"https:\/\/diarioregionaldigital.com.br\/index.php?rest_route=\/wp\/v2\/posts"}],"about":[{"href":"https:\/\/diarioregionaldigital.com.br\/index.php?rest_route=\/wp\/v2\/types\/post"}],"author":[{"embeddable":true,"href":"https:\/\/diarioregionaldigital.com.br\/index.php?rest_route=\/wp\/v2\/users\/246"}],"replies":[{"embeddable":true,"href":"https:\/\/diarioregionaldigital.com.br\/index.php?rest_route=%2Fwp%2Fv2%2Fcomments&post=221808"}],"version-history":[{"count":1,"href":"https:\/\/diarioregionaldigital.com.br\/index.php?rest_route=\/wp\/v2\/posts\/221808\/revisions"}],"predecessor-version":[{"id":221810,"href":"https:\/\/diarioregionaldigital.com.br\/index.php?rest_route=\/wp\/v2\/posts\/221808\/revisions\/221810"}],"wp:featuredmedia":[{"embeddable":true,"href":"https:\/\/diarioregionaldigital.com.br\/index.php?rest_route=\/wp\/v2\/media\/221809"}],"wp:attachment":[{"href":"https:\/\/diarioregionaldigital.com.br\/index.php?rest_route=%2Fwp%2Fv2%2Fmedia&parent=221808"}],"wp:term":[{"taxonomy":"category","embeddable":true,"href":"https:\/\/diarioregionaldigital.com.br\/index.php?rest_route=%2Fwp%2Fv2%2Fcategories&post=221808"},{"taxonomy":"post_tag","embeddable":true,"href":"https:\/\/diarioregionaldigital.com.br\/index.php?rest_route=%2Fwp%2Fv2%2Ftags&post=221808"}],"curies":[{"name":"wp","href":"https:\/\/api.w.org\/{rel}","templated":true}]}}