{"id":221793,"date":"2024-03-19T20:19:35","date_gmt":"2024-03-19T23:19:35","guid":{"rendered":"https:\/\/diarioregionaldigital.com.br\/?p=221793"},"modified":"2024-03-19T20:19:35","modified_gmt":"2024-03-19T23:19:35","slug":"moraes-da-15-dias-para-pgr-opinar-sobre-indiciamento-de-bolsonaro","status":"publish","type":"post","link":"https:\/\/diarioregionaldigital.com.br\/?p=221793","title":{"rendered":"Moraes d\u00e1 15 dias para PGR opinar sobre indiciamento de Bolsonaro"},"content":{"rendered":"<p>O ministro Alexandre de Moraes, do Supremo Tribunal Federal (STF), deu prazo de 15 dias para a Procuradoria-Geral da Rep\u00fablica (PGR) se manifestar sobre o relat\u00f3rio no qual a Policia Federal (PF)\u00a0<a href=\"https:\/\/agenciabrasil.ebc.com.br\/justica\/noticia\/2024-03\/bolsonaro-deu-a-ordem-para-fraudar-cartao-de-vacina-diz-pf\" target=\"_blank\" rel=\"noopener\">indiciou o ex-presidente Jair Bolsonaro e mais 16 pessoas<\/a>\u00a0pela suposta fraude do certificado de vacina\u00e7\u00e3o para covid-19.<img decoding=\"async\" src=\"https:\/\/agenciabrasil.ebc.com.br\/ebc.png?id=1586269&amp;o=node\" \/><img decoding=\"async\" src=\"https:\/\/agenciabrasil.ebc.com.br\/ebc.gif?id=1586269&amp;o=node\" \/><\/p>\n<p>Ser\u00e1 a primeira oportunidade para o procurador-geral da Rep\u00fablica, Paulo Gonet, avaliar uma investiga\u00e7\u00e3o envolvendo Bolsonaro. Gonet vai decidir se denuncia o ex-presidente e os demais acusados ao Supremo. Indicado pelo presidente Luiz In\u00e1cio Lula da Silva ao cargo, o procurador\u00a0<a href=\"https:\/\/agenciabrasil.ebc.com.br\/justica\/noticia\/2023-12\/ao-tomar-posse-gonet-diz-que-atuacao-do-mp-e-tecnica-e-nao-busca-holofotes\" target=\"_blank\" rel=\"noopener\">tomou posse<\/a>\u00a0em dezembro do ano passado.<\/p>\n<p>O sigilo sobre o relat\u00f3rio da PF foi retirado hoje (19) por Moraes. Conforme as investiga\u00e7\u00f5es, ao menos nove pessoas teriam se beneficiado de um esquema de fraude, montado pelo ex-ajudante de ordens Mauro Cid, incluindo a esposa e tr\u00eas filhas, Bolsonaro e sua filha e o deputado Gutemberg Reis de Oliveira (MDB-RJ).<\/p>\n<p>Cid teria inserido informa\u00e7\u00f5es falsas no sistema do Minist\u00e9rio da Sa\u00fade com o objetivo de facilitar a entrada e a sa\u00edda de Bolsonaro dos Estados Unidos, burlando exig\u00eancias sanit\u00e1rias contra a covid-19 impostas pelos EUA e tamb\u00e9m pelo Brasil. Ambos pa\u00edses exigiam a vacina\u00e7\u00e3o contra doen\u00e7a para interessados em cruzar a fronteira.<\/p>\n<p>Em seu perfil na rede social X, antigo Twitter, o advogado de Bolsonaro Fabio Wajngarten criticou a divulga\u00e7\u00e3o do indiciamento. \u201cVazamentos continuam aos montes, ou melhor aos litros. \u00c9 lament\u00e1vel quando a autoridade usa a imprensa para comunicar ato formal que logicamente deveria ter revestimento t\u00e9cnico e procedimental ao inv\u00e9s de midi\u00e1tico e parcial\u201d, escreveu.<\/p>\n<p>Fonte: Ag\u00eancia Brasil<\/p>\n","protected":false},"excerpt":{"rendered":"<p>O ministro Alexandre de Moraes, do Supremo Tribunal Federal (STF), deu prazo de 15 dias para a Procuradoria-Geral da Rep\u00fablica (PGR) se manifestar sobre o relat\u00f3rio no qual a Policia Federal (PF)\u00a0indiciou o ex-presidente Jair Bolsonaro e mais 16 pessoas\u00a0pela suposta fraude do certificado de vacina\u00e7\u00e3o para covid-19. Ser\u00e1 a primeira oportunidade para o procurador-geral [&hellip;]<\/p>\n","protected":false},"author":246,"featured_media":221794,"comment_status":"closed","ping_status":"closed","sticky":false,"template":"","format":"standard","meta":{"footnotes":""},"categories":[436,440,254,439],"tags":[],"class_list":["post-221793","post","type-post","status-publish","format-standard","has-post-thumbnail","hentry","category-destaque-da-semana","category-destaques-do-dia","category-politica","category-ultima-hora"],"_links":{"self":[{"href":"https:\/\/diarioregionaldigital.com.br\/index.php?rest_route=\/wp\/v2\/posts\/221793","targetHints":{"allow":["GET"]}}],"collection":[{"href":"https:\/\/diarioregionaldigital.com.br\/index.php?rest_route=\/wp\/v2\/posts"}],"about":[{"href":"https:\/\/diarioregionaldigital.com.br\/index.php?rest_route=\/wp\/v2\/types\/post"}],"author":[{"embeddable":true,"href":"https:\/\/diarioregionaldigital.com.br\/index.php?rest_route=\/wp\/v2\/users\/246"}],"replies":[{"embeddable":true,"href":"https:\/\/diarioregionaldigital.com.br\/index.php?rest_route=%2Fwp%2Fv2%2Fcomments&post=221793"}],"version-history":[{"count":1,"href":"https:\/\/diarioregionaldigital.com.br\/index.php?rest_route=\/wp\/v2\/posts\/221793\/revisions"}],"predecessor-version":[{"id":221795,"href":"https:\/\/diarioregionaldigital.com.br\/index.php?rest_route=\/wp\/v2\/posts\/221793\/revisions\/221795"}],"wp:featuredmedia":[{"embeddable":true,"href":"https:\/\/diarioregionaldigital.com.br\/index.php?rest_route=\/wp\/v2\/media\/221794"}],"wp:attachment":[{"href":"https:\/\/diarioregionaldigital.com.br\/index.php?rest_route=%2Fwp%2Fv2%2Fmedia&parent=221793"}],"wp:term":[{"taxonomy":"category","embeddable":true,"href":"https:\/\/diarioregionaldigital.com.br\/index.php?rest_route=%2Fwp%2Fv2%2Fcategories&post=221793"},{"taxonomy":"post_tag","embeddable":true,"href":"https:\/\/diarioregionaldigital.com.br\/index.php?rest_route=%2Fwp%2Fv2%2Ftags&post=221793"}],"curies":[{"name":"wp","href":"https:\/\/api.w.org\/{rel}","templated":true}]}}