{"id":221670,"date":"2024-03-13T19:47:44","date_gmt":"2024-03-13T22:47:44","guid":{"rendered":"https:\/\/diarioregionaldigital.com.br\/?p=221670"},"modified":"2024-03-13T19:47:44","modified_gmt":"2024-03-13T22:47:44","slug":"jf-volei-vence-rede-cuca-por-3-sets-a-1-no-ginasio-municipal-jornalista-antonio-marcos","status":"publish","type":"post","link":"https:\/\/diarioregionaldigital.com.br\/?p=221670","title":{"rendered":"JF V\u00f4lei vence Rede Cuca por 3 sets a 1 no Gin\u00e1sio Municipal Jornalista Ant\u00f4nio Marcos"},"content":{"rendered":"<p>Segundo informa\u00e7\u00f5es do site da Prefeitura de Juiz de Fora (PJF), Jogando pela Superliga B na noite desta ter\u00e7a-feira, 12, no\u00a0Gin\u00e1sio Municipal Jornalista Ant\u00f4nio Marcos, o JF V\u00f4lei venceu o Rede Cuca V\u00f4lei por 3 sets a 1, parciais de 25\/19, 22\/25 , 25\/16 e 25\/23.<br \/>\nA pr\u00f3xima partida da equipe juiz-forana acontece no domingo, 17, contra o Natal Am\u00e9rica-RN fora de casa pela \u00faltima rodada da primeira fase da competi\u00e7\u00e3o.\u00a0Com o triunfo de ontem, o JF V\u00f4lei chegou aos 18 pontos e est\u00e1 perto de se classificar para os playoffs da Superliga B.<br \/>\nEm junho de 2023, a Companhia de Saneamento Municipal (Cesama) da Prefeitura de Juiz de Fora (PJF) firmou patroc\u00ednio para o projeto JF V\u00f4lei. O valor acertado do patroc\u00ednio foi de R$ 700 mil por dois anos. A parceria entre a Cesama e a Associa\u00e7\u00e3o de Ensino e Pesquisa em Esporte e Lazer (Asepel), coordenadora do projeto JF V\u00f4lei, tem como objetivo principal oferecer condi\u00e7\u00f5es t\u00e9cnicas e infraestrutura para a equipe de voleibol masculino do JF V\u00f4lei, a fim de desenvolver seu potencial esportivo e representar Juiz de Fora na Superliga e no Campeonato Mineiro de Voleibol nesses dois anos.<\/p>\n","protected":false},"excerpt":{"rendered":"<p>Segundo informa\u00e7\u00f5es do site da Prefeitura de Juiz de Fora (PJF), Jogando pela Superliga B na noite desta ter\u00e7a-feira, 12, no\u00a0Gin\u00e1sio Municipal Jornalista Ant\u00f4nio Marcos, o JF V\u00f4lei venceu o Rede Cuca V\u00f4lei por 3 sets a 1, parciais de 25\/19, 22\/25 , 25\/16 e 25\/23. A pr\u00f3xima partida da equipe juiz-forana acontece no domingo, [&hellip;]<\/p>\n","protected":false},"author":246,"featured_media":221671,"comment_status":"closed","ping_status":"closed","sticky":false,"template":"","format":"standard","meta":{"footnotes":""},"categories":[253,436,439],"tags":[],"class_list":["post-221670","post","type-post","status-publish","format-standard","has-post-thumbnail","hentry","category-cidade","category-destaque-da-semana","category-ultima-hora"],"_links":{"self":[{"href":"https:\/\/diarioregionaldigital.com.br\/index.php?rest_route=\/wp\/v2\/posts\/221670","targetHints":{"allow":["GET"]}}],"collection":[{"href":"https:\/\/diarioregionaldigital.com.br\/index.php?rest_route=\/wp\/v2\/posts"}],"about":[{"href":"https:\/\/diarioregionaldigital.com.br\/index.php?rest_route=\/wp\/v2\/types\/post"}],"author":[{"embeddable":true,"href":"https:\/\/diarioregionaldigital.com.br\/index.php?rest_route=\/wp\/v2\/users\/246"}],"replies":[{"embeddable":true,"href":"https:\/\/diarioregionaldigital.com.br\/index.php?rest_route=%2Fwp%2Fv2%2Fcomments&post=221670"}],"version-history":[{"count":1,"href":"https:\/\/diarioregionaldigital.com.br\/index.php?rest_route=\/wp\/v2\/posts\/221670\/revisions"}],"predecessor-version":[{"id":221672,"href":"https:\/\/diarioregionaldigital.com.br\/index.php?rest_route=\/wp\/v2\/posts\/221670\/revisions\/221672"}],"wp:featuredmedia":[{"embeddable":true,"href":"https:\/\/diarioregionaldigital.com.br\/index.php?rest_route=\/wp\/v2\/media\/221671"}],"wp:attachment":[{"href":"https:\/\/diarioregionaldigital.com.br\/index.php?rest_route=%2Fwp%2Fv2%2Fmedia&parent=221670"}],"wp:term":[{"taxonomy":"category","embeddable":true,"href":"https:\/\/diarioregionaldigital.com.br\/index.php?rest_route=%2Fwp%2Fv2%2Fcategories&post=221670"},{"taxonomy":"post_tag","embeddable":true,"href":"https:\/\/diarioregionaldigital.com.br\/index.php?rest_route=%2Fwp%2Fv2%2Ftags&post=221670"}],"curies":[{"name":"wp","href":"https:\/\/api.w.org\/{rel}","templated":true}]}}