{"id":221667,"date":"2024-03-13T19:46:14","date_gmt":"2024-03-13T22:46:14","guid":{"rendered":"https:\/\/diarioregionaldigital.com.br\/?p=221667"},"modified":"2024-03-13T19:46:14","modified_gmt":"2024-03-13T22:46:14","slug":"prefeitura-realiza-domingo-no-parque-em-comemoracao-ao-mes-da-mulher","status":"publish","type":"post","link":"https:\/\/diarioregionaldigital.com.br\/?p=221667","title":{"rendered":"Prefeitura realiza \u201cDomingo no Parque\u201d em comemora\u00e7\u00e3o ao m\u00eas da mulher"},"content":{"rendered":"<p>Segundo informa\u00e7\u00f5es do site da Prefeitura de Juiz de Fora (PJF), para comemorar o m\u00eas da mulher, o Parque da Lajinha realizou uma edi\u00e7\u00e3o especial do \u201cDomingo no Parque\u201d. O evento aconteceu durante toda manh\u00e3, das 9h \u00e0s 12h, com diversas atividades gratuitas voltadas para o autocuidado.<\/p>\n<p>&nbsp;<\/p>\n<p>As mulheres e fam\u00edlias presentes puderam aproveitar a \u201cFeira das Mulheres Empreendedoras\u201d, com com\u00e9rcio de\u00a0 artesanatos, roupas sustent\u00e1veis e alimentos de produ\u00e7\u00e3o pr\u00f3pria. Al\u00e9m da feira, tiveram a\u00e7\u00f5es voltadas para o cuidado com a sa\u00fade, como aulas orientadas de yoga, funcional e kangoo.<\/p>\n<p>&nbsp;<\/p>\n<p>Quem foi ao Parque tamb\u00e9m p\u00f4de receber avalia\u00e7\u00e3o com os alunos da Medicina, Fisioterapia e Farm\u00e1cia da faculdade Suprema. J\u00e1 a Hiperroll Embalagens esteve presente com o projeto \u201cCidad\u00e3o Consciente\u201d, recolhendo sacolas pl\u00e1sticas\u00a0para redu\u00e7\u00e3o do impacto de embalagens no meio ambiente.<\/p>\n<p>&nbsp;<\/p>\n<p>O Domingo no Parque \u00e9 coordenado pela Secretaria de Sustentabilidade em Meio Ambiente e Atividades Urbanas (Sesmaur) da Prefeitura de Juiz de Fora (PJF). A pr\u00f3xima edi\u00e7\u00e3o do evento acontece no dia 24 de mar\u00e7o, em homenagem ao Dia da \u00c1gua &#8211; celebrado no dia 22. O foco \u00e9 a conscientiza\u00e7\u00e3o ambiental e a preserva\u00e7\u00e3o dos recursos naturais.<\/p>\n<p>&nbsp;<\/p>\n<p><strong>Funcionamento<\/strong><\/p>\n<p>O Parque da Lajinha funciona de ter\u00e7a-feira a domingo, de 8h \u00e0s 17h. A entrada \u00e9 gratuita e os agendamentos para visitas orientadas e ensaios s\u00e3o feitos atrav\u00e9s do site oficial da Prefeitura ou pelo\u00a0<a href=\"https:\/\/juizdefora.1doc.com.br\/b.php?pg=wp%2Fwp&amp;itd=5&amp;fbclid=PAAaaZp5dYagLWFWiEIviHMHuZ2tTyh_z9uUlVF4CyikTYe2-ccNEWVWfBVUc_aem_AZWdY2qipfoaJpgFf5OkFEC_ePlcEYYNgD7noMCuHO2cLOY-YOirLe_kZpA6dj-XVv8\"><strong>biolink\u00a0<\/strong><\/a>dispon\u00edvel no instagram @parquedalajinhajf.<\/p>\n","protected":false},"excerpt":{"rendered":"<p>Segundo informa\u00e7\u00f5es do site da Prefeitura de Juiz de Fora (PJF), para comemorar o m\u00eas da mulher, o Parque da Lajinha realizou uma edi\u00e7\u00e3o especial do \u201cDomingo no Parque\u201d. O evento aconteceu durante toda manh\u00e3, das 9h \u00e0s 12h, com diversas atividades gratuitas voltadas para o autocuidado. &nbsp; As mulheres e fam\u00edlias presentes puderam aproveitar [&hellip;]<\/p>\n","protected":false},"author":246,"featured_media":221668,"comment_status":"closed","ping_status":"closed","sticky":false,"template":"","format":"standard","meta":{"footnotes":""},"categories":[253,436,439],"tags":[],"class_list":["post-221667","post","type-post","status-publish","format-standard","has-post-thumbnail","hentry","category-cidade","category-destaque-da-semana","category-ultima-hora"],"_links":{"self":[{"href":"https:\/\/diarioregionaldigital.com.br\/index.php?rest_route=\/wp\/v2\/posts\/221667","targetHints":{"allow":["GET"]}}],"collection":[{"href":"https:\/\/diarioregionaldigital.com.br\/index.php?rest_route=\/wp\/v2\/posts"}],"about":[{"href":"https:\/\/diarioregionaldigital.com.br\/index.php?rest_route=\/wp\/v2\/types\/post"}],"author":[{"embeddable":true,"href":"https:\/\/diarioregionaldigital.com.br\/index.php?rest_route=\/wp\/v2\/users\/246"}],"replies":[{"embeddable":true,"href":"https:\/\/diarioregionaldigital.com.br\/index.php?rest_route=%2Fwp%2Fv2%2Fcomments&post=221667"}],"version-history":[{"count":1,"href":"https:\/\/diarioregionaldigital.com.br\/index.php?rest_route=\/wp\/v2\/posts\/221667\/revisions"}],"predecessor-version":[{"id":221669,"href":"https:\/\/diarioregionaldigital.com.br\/index.php?rest_route=\/wp\/v2\/posts\/221667\/revisions\/221669"}],"wp:featuredmedia":[{"embeddable":true,"href":"https:\/\/diarioregionaldigital.com.br\/index.php?rest_route=\/wp\/v2\/media\/221668"}],"wp:attachment":[{"href":"https:\/\/diarioregionaldigital.com.br\/index.php?rest_route=%2Fwp%2Fv2%2Fmedia&parent=221667"}],"wp:term":[{"taxonomy":"category","embeddable":true,"href":"https:\/\/diarioregionaldigital.com.br\/index.php?rest_route=%2Fwp%2Fv2%2Fcategories&post=221667"},{"taxonomy":"post_tag","embeddable":true,"href":"https:\/\/diarioregionaldigital.com.br\/index.php?rest_route=%2Fwp%2Fv2%2Ftags&post=221667"}],"curies":[{"name":"wp","href":"https:\/\/api.w.org\/{rel}","templated":true}]}}