{"id":221664,"date":"2024-03-13T19:42:47","date_gmt":"2024-03-13T22:42:47","guid":{"rendered":"https:\/\/diarioregionaldigital.com.br\/?p=221664"},"modified":"2024-03-13T19:42:47","modified_gmt":"2024-03-13T22:42:47","slug":"manutencao-na-rede-de-energia-eletrica-pode-comprometer-abastecimento-de-agua-no-loteamento-jardim-sao-joao","status":"publish","type":"post","link":"https:\/\/diarioregionaldigital.com.br\/?p=221664","title":{"rendered":"Manuten\u00e7\u00e3o na rede de energia el\u00e9trica pode comprometer abastecimento de \u00e1gua no loteamento Jardim S\u00e3o Jo\u00e3o"},"content":{"rendered":"<p>Segundo informa\u00e7\u00f5es do site da Prefeitura de Juiz de Fora (PJF), nesta quinta-feira, 14, de 9h30 \u00e0s 16h30, a Companhia Energ\u00e9tica de Minas Gerais (Cemig) vai realizar uma manuten\u00e7\u00e3o programada na Rua Eunice Weaver, 263, no bairro Carlos Chagas, podendo prejudicar o abastecimento de \u00e1gua pela Companhia de Saneamento Municipal (Cesama) no loteamento Jardim S\u00e3o Jo\u00e3o.<\/p>\n<p>A Cesama pede a compreens\u00e3o dos moradores e orienta para que economizem \u00e1gua durante os trabalhos. T\u00e3o logo a energia el\u00e9trica seja restabelecida, o abastecimento ser\u00e1 retomado. A regulariza\u00e7\u00e3o do fornecimento de \u00e1gua deve acontecer ao longo da noite.<\/p>\n","protected":false},"excerpt":{"rendered":"<p>Segundo informa\u00e7\u00f5es do site da Prefeitura de Juiz de Fora (PJF), nesta quinta-feira, 14, de 9h30 \u00e0s 16h30, a Companhia Energ\u00e9tica de Minas Gerais (Cemig) vai realizar uma manuten\u00e7\u00e3o programada na Rua Eunice Weaver, 263, no bairro Carlos Chagas, podendo prejudicar o abastecimento de \u00e1gua pela Companhia de Saneamento Municipal (Cesama) no loteamento Jardim S\u00e3o [&hellip;]<\/p>\n","protected":false},"author":246,"featured_media":221665,"comment_status":"closed","ping_status":"closed","sticky":false,"template":"","format":"standard","meta":{"footnotes":""},"categories":[253,436,439],"tags":[],"class_list":["post-221664","post","type-post","status-publish","format-standard","has-post-thumbnail","hentry","category-cidade","category-destaque-da-semana","category-ultima-hora"],"_links":{"self":[{"href":"https:\/\/diarioregionaldigital.com.br\/index.php?rest_route=\/wp\/v2\/posts\/221664","targetHints":{"allow":["GET"]}}],"collection":[{"href":"https:\/\/diarioregionaldigital.com.br\/index.php?rest_route=\/wp\/v2\/posts"}],"about":[{"href":"https:\/\/diarioregionaldigital.com.br\/index.php?rest_route=\/wp\/v2\/types\/post"}],"author":[{"embeddable":true,"href":"https:\/\/diarioregionaldigital.com.br\/index.php?rest_route=\/wp\/v2\/users\/246"}],"replies":[{"embeddable":true,"href":"https:\/\/diarioregionaldigital.com.br\/index.php?rest_route=%2Fwp%2Fv2%2Fcomments&post=221664"}],"version-history":[{"count":1,"href":"https:\/\/diarioregionaldigital.com.br\/index.php?rest_route=\/wp\/v2\/posts\/221664\/revisions"}],"predecessor-version":[{"id":221666,"href":"https:\/\/diarioregionaldigital.com.br\/index.php?rest_route=\/wp\/v2\/posts\/221664\/revisions\/221666"}],"wp:featuredmedia":[{"embeddable":true,"href":"https:\/\/diarioregionaldigital.com.br\/index.php?rest_route=\/wp\/v2\/media\/221665"}],"wp:attachment":[{"href":"https:\/\/diarioregionaldigital.com.br\/index.php?rest_route=%2Fwp%2Fv2%2Fmedia&parent=221664"}],"wp:term":[{"taxonomy":"category","embeddable":true,"href":"https:\/\/diarioregionaldigital.com.br\/index.php?rest_route=%2Fwp%2Fv2%2Fcategories&post=221664"},{"taxonomy":"post_tag","embeddable":true,"href":"https:\/\/diarioregionaldigital.com.br\/index.php?rest_route=%2Fwp%2Fv2%2Ftags&post=221664"}],"curies":[{"name":"wp","href":"https:\/\/api.w.org\/{rel}","templated":true}]}}