{"id":221661,"date":"2024-03-13T19:37:56","date_gmt":"2024-03-13T22:37:56","guid":{"rendered":"https:\/\/diarioregionaldigital.com.br\/?p=221661"},"modified":"2024-03-13T19:37:56","modified_gmt":"2024-03-13T22:37:56","slug":"com-investimento-de-r30-milhoes-pjf-e-mtr-arcol-anunciam-ampliacao-das-atividades-da-empresa-em-juiz-de-fora-2","status":"publish","type":"post","link":"https:\/\/diarioregionaldigital.com.br\/?p=221661","title":{"rendered":"Com investimento de R$30 milh\u00f5es, PJF e MTR-Arcol anunciam amplia\u00e7\u00e3o das atividades da empresa em Juiz de Fora"},"content":{"rendered":"<p>Segundo informa\u00e7\u00f5es do site da Prefeitura de Juiz de Fora (PJF), Juiz de Fora acaba de receber novo impulso para se tornar cidade refer\u00eancia em economia sustent\u00e1vel, com base em novas energias. A Companhia Brasileira de Usinagem (CBU) assinou nesta ter\u00e7a-feira, 12, termo aditivo a protocolo de inten\u00e7\u00e3o, confirmando o uso de terreno no Distrito Industrial, anteriormente pertencente \u00e0 Prefeitura de Juiz de Fora (PJF), para instala\u00e7\u00e3o de f\u00e1brica de paineis solares. O termo confirma ainda a previs\u00e3o de investimento na ordem de R$ 30 milh\u00f5es nos pr\u00f3ximos tr\u00eas anos, al\u00e9m de gera\u00e7\u00e3o de quase 450 empregos, entre diretos e indiretos.<br \/>\nA assinatura do aditivo tornou-se poss\u00edvel a partir da recente aquisi\u00e7\u00e3o da CBU pelo grupo, MTR-Arcol, multinacional ligada \u00e0 importa\u00e7\u00e3o de insumos e equipamentos, al\u00e9m da produ\u00e7\u00e3o, distribui\u00e7\u00e3o e instala\u00e7\u00e3o de placas fotovoltaicas, mas que nasceu em solo juiz-forano. A pactua\u00e7\u00e3o ainda resolve a situa\u00e7\u00e3o do terreno em quest\u00e3o, que h\u00e1 quase quinze anos aguarda sua utiliza\u00e7\u00e3o para a gera\u00e7\u00e3o de emprego e renda para a cidade.<br \/>\n\u201cEsse novo investimento, vejam voc\u00eas, tem tudo a ver com Juiz de Fora. Primeiro porque ratifica a confian\u00e7a na cidade, porque a empresa tem parceria estrat\u00e9gica em inova\u00e7\u00e3o com a UFJF e \u00e9 na \u00e1rea de energia, tema t\u00e3o atual e que, ao mesmo tempo, tem tanto a ver com nossa hist\u00f3ria. Estou felic\u00edssima que aquele galp\u00e3o, subutilizado, agora tenha sua plena capacidade. S\u00e3o empregos industriais e estrat\u00e9gicos\u201d, destacou a prefeita.<br \/>\nNo protocolo de inten\u00e7\u00f5es, a empresa se compromete em aportar o valor de R$ 1 milh\u00e3o no Fundo Municipal de Desenvolvimento da Inova\u00e7\u00e3o, criado ao final do ano passado, com a Lei de Inova\u00e7\u00e3o. \u201cTrata-se de uma solu\u00e7\u00e3o pactuada que conseguiu atender aos interesses do Munic\u00edpio, abrindo uma nova trilha para o desenvolvimento da cidade, com o fortalecimento de Juiz de Fora na produ\u00e7\u00e3o de novas energias, no caso com uma empresa nascida na nossa terra, que tem buscado diversas solu\u00e7\u00f5es inovadoras em sua atividade principal\u201d, avalia Ignacio Delgado.<\/p>\n<p>\u201cA gente est\u00e1 muito feliz de estar aqui nesse momento, assinando esse aditivo com a Prefeitura. Temos certeza de um futuro muito promissor no ramo de energia e estamos iniciando um processo fant\u00e1stico. A nossa empresa est\u00e1 aqui h\u00e1 muitos anos, por\u00e9m, isso vai dar uma oportunidade de crescimento para a empresa e para a regi\u00e3o muito grande. Temos certeza que essa parceria \u00e9 muito promissora e tem muita coisa boa ainda por vir\u201d, destacou o diretor da MTR-Arcol, Adriano Nascimento.<br \/>\n<strong>Sobre a MTR-Arcol<\/strong><br \/>\nO Grupo paulista MTR Solar,\u00a0 multinacional especializada em distribui\u00e7\u00e3o de equipamentos e solu\u00e7\u00f5es para usinas de minigera\u00e7\u00e3o de energia solar, conta com 18 mil m\u00b2 de f\u00e1bricas de equipamentos para usinas solares em Juiz de Fora.<br \/>\nUma delas \u00e9 da divis\u00e3o de \u201cEstruturas\u201d da empresa, a MTR-Arcol, uma joint venture (associa\u00e7\u00e3o econ\u00f4mica que trabalha parcerias estrat\u00e9gicas entre organiza\u00e7\u00f5es com interesses comuns) com a Arcol, empresa nascida em Juiz de Fora na d\u00e9cada de 70, que se expandiu para todo o territ\u00f3rio nacional.<br \/>\nEm 2024, a MTR-Arcol anunciou a inten\u00e7\u00e3o de dobrar\u00a0 a produ\u00e7\u00e3o de estruturas fixas para usinas de solo e chegar a 1 GWp comercializado. Para isso, projeta ampliar a capacidade de produ\u00e7\u00e3o com novos equipamentos, colaboradores e espa\u00e7o f\u00edsico.<\/p>\n","protected":false},"excerpt":{"rendered":"<p>Segundo informa\u00e7\u00f5es do site da Prefeitura de Juiz de Fora (PJF), Juiz de Fora acaba de receber novo impulso para se tornar cidade refer\u00eancia em economia sustent\u00e1vel, com base em novas energias. A Companhia Brasileira de Usinagem (CBU) assinou nesta ter\u00e7a-feira, 12, termo aditivo a protocolo de inten\u00e7\u00e3o, confirmando o uso de terreno no Distrito [&hellip;]<\/p>\n","protected":false},"author":246,"featured_media":221662,"comment_status":"closed","ping_status":"closed","sticky":false,"template":"","format":"standard","meta":{"footnotes":""},"categories":[253,436,440,439],"tags":[],"class_list":["post-221661","post","type-post","status-publish","format-standard","has-post-thumbnail","hentry","category-cidade","category-destaque-da-semana","category-destaques-do-dia","category-ultima-hora"],"_links":{"self":[{"href":"https:\/\/diarioregionaldigital.com.br\/index.php?rest_route=\/wp\/v2\/posts\/221661","targetHints":{"allow":["GET"]}}],"collection":[{"href":"https:\/\/diarioregionaldigital.com.br\/index.php?rest_route=\/wp\/v2\/posts"}],"about":[{"href":"https:\/\/diarioregionaldigital.com.br\/index.php?rest_route=\/wp\/v2\/types\/post"}],"author":[{"embeddable":true,"href":"https:\/\/diarioregionaldigital.com.br\/index.php?rest_route=\/wp\/v2\/users\/246"}],"replies":[{"embeddable":true,"href":"https:\/\/diarioregionaldigital.com.br\/index.php?rest_route=%2Fwp%2Fv2%2Fcomments&post=221661"}],"version-history":[{"count":1,"href":"https:\/\/diarioregionaldigital.com.br\/index.php?rest_route=\/wp\/v2\/posts\/221661\/revisions"}],"predecessor-version":[{"id":221663,"href":"https:\/\/diarioregionaldigital.com.br\/index.php?rest_route=\/wp\/v2\/posts\/221661\/revisions\/221663"}],"wp:featuredmedia":[{"embeddable":true,"href":"https:\/\/diarioregionaldigital.com.br\/index.php?rest_route=\/wp\/v2\/media\/221662"}],"wp:attachment":[{"href":"https:\/\/diarioregionaldigital.com.br\/index.php?rest_route=%2Fwp%2Fv2%2Fmedia&parent=221661"}],"wp:term":[{"taxonomy":"category","embeddable":true,"href":"https:\/\/diarioregionaldigital.com.br\/index.php?rest_route=%2Fwp%2Fv2%2Fcategories&post=221661"},{"taxonomy":"post_tag","embeddable":true,"href":"https:\/\/diarioregionaldigital.com.br\/index.php?rest_route=%2Fwp%2Fv2%2Ftags&post=221661"}],"curies":[{"name":"wp","href":"https:\/\/api.w.org\/{rel}","templated":true}]}}