{"id":221658,"date":"2024-03-13T19:32:36","date_gmt":"2024-03-13T22:32:36","guid":{"rendered":"https:\/\/diarioregionaldigital.com.br\/?p=221658"},"modified":"2024-03-13T19:32:36","modified_gmt":"2024-03-13T22:32:36","slug":"remo-brasileiros-buscam-vagas-para-paris-2024-em-pre-olimpico-no-rio","status":"publish","type":"post","link":"https:\/\/diarioregionaldigital.com.br\/?p=221658","title":{"rendered":"Remo: brasileiros buscam vagas para Paris 2024 em Pr\u00e9-Ol\u00edmpico no Rio"},"content":{"rendered":"<p>A Lagoa Rodrigo de Freitas, no Rio de Janeiro, sedia, a partir da pr\u00f3xima quinta-feira (14), o torneio Pr\u00e9-Ol\u00edmpico de Remo, competi\u00e7\u00e3o que definir\u00e1 os representantes das Am\u00e9ricas nas pr\u00f3ximas edi\u00e7\u00f5es dos Jogos Ol\u00edmpicos e Paral\u00edmpicos, que ser\u00e3o disputados em Paris (Fran\u00e7a).<img decoding=\"async\" src=\"https:\/\/agenciabrasil.ebc.com.br\/ebc.png?id=1585420&amp;o=node\" \/><img decoding=\"async\" src=\"https:\/\/agenciabrasil.ebc.com.br\/ebc.gif?id=1585420&amp;o=node\" \/><\/p>\n<p>\u201cSediar o pr\u00e9-ol\u00edmpico novamente no Rio mostra que o que fizemos em 2021, na organiza\u00e7\u00e3o do torneio de classifica\u00e7\u00e3o para os Jogos de T\u00f3quio, foi um sucesso. Al\u00e9m disso, mostra a for\u00e7a e a representatividade do remo brasileiro no cen\u00e1rio continental\u201d, declarou a presidente da Confedera\u00e7\u00e3o Brasileira de Remo (CBR), Magali Moreira.<\/p>\n<p>Nesta edi\u00e7\u00e3o do evento garantem vagas nos Jogos Ol\u00edmpicos de Paris os cinco primeiros colocados nas provas de single skiff e os dois primeiros nas competi\u00e7\u00f5es de double skiff peso leve. Por\u00e9m, cada pa\u00eds poder\u00e1 competir com apenas um barco por regata e obter at\u00e9 duas vagas para ir \u00e0 Fran\u00e7a (pa\u00edses que j\u00e1 conquistaram uma vaga ter\u00e3o direito apenas a classificar mais uma embarca\u00e7\u00e3o).<\/p>\n<p>O Brasil ser\u00e1 representado por uma equipe composta por seis atletas, que competir\u00e3o em quatro provas: Lucas Verthein (single skiff masculino), Beatriz Tavares (single skiff feminino), Evaldo Becker e Piedro Tuchtenhagen (double skiff peso leve masculino) e Isabelle Falck e Manu Abreu (double skiff peso leve feminino).<\/p>\n<p>J\u00e1 nas disputas paral\u00edmpicas garantem vagas nos Jogos Paral\u00edmpicos os campe\u00f5es das provas de single skiff PR1 masculino e feminino, al\u00e9m do double skiff misto PR3. O Brasil n\u00e3o ter\u00e1 representantes, pois Claudia Santos classificou o pa\u00eds na categoria PR1 ao ficar em s\u00e9timo lugar no Mundial de Belgrado (S\u00e9rvia), em setembro do ano passado.<\/p>\n<p>A competi\u00e7\u00e3o \u00e9 aberta ao p\u00fablico, com acesso direto pelo Lagoon, e ter\u00e1 transmiss\u00e3o ao vivo do Canal Ol\u00edmpico do Brasil.<\/p>\n<p>Fonte: Ag\u00eancia Brasil<\/p>\n","protected":false},"excerpt":{"rendered":"<p>A Lagoa Rodrigo de Freitas, no Rio de Janeiro, sedia, a partir da pr\u00f3xima quinta-feira (14), o torneio Pr\u00e9-Ol\u00edmpico de Remo, competi\u00e7\u00e3o que definir\u00e1 os representantes das Am\u00e9ricas nas pr\u00f3ximas edi\u00e7\u00f5es dos Jogos Ol\u00edmpicos e Paral\u00edmpicos, que ser\u00e3o disputados em Paris (Fran\u00e7a). \u201cSediar o pr\u00e9-ol\u00edmpico novamente no Rio mostra que o que fizemos em 2021, [&hellip;]<\/p>\n","protected":false},"author":246,"featured_media":221659,"comment_status":"closed","ping_status":"closed","sticky":false,"template":"","format":"standard","meta":{"footnotes":""},"categories":[436,440,257,439],"tags":[],"class_list":["post-221658","post","type-post","status-publish","format-standard","has-post-thumbnail","hentry","category-destaque-da-semana","category-destaques-do-dia","category-esporte","category-ultima-hora"],"_links":{"self":[{"href":"https:\/\/diarioregionaldigital.com.br\/index.php?rest_route=\/wp\/v2\/posts\/221658","targetHints":{"allow":["GET"]}}],"collection":[{"href":"https:\/\/diarioregionaldigital.com.br\/index.php?rest_route=\/wp\/v2\/posts"}],"about":[{"href":"https:\/\/diarioregionaldigital.com.br\/index.php?rest_route=\/wp\/v2\/types\/post"}],"author":[{"embeddable":true,"href":"https:\/\/diarioregionaldigital.com.br\/index.php?rest_route=\/wp\/v2\/users\/246"}],"replies":[{"embeddable":true,"href":"https:\/\/diarioregionaldigital.com.br\/index.php?rest_route=%2Fwp%2Fv2%2Fcomments&post=221658"}],"version-history":[{"count":1,"href":"https:\/\/diarioregionaldigital.com.br\/index.php?rest_route=\/wp\/v2\/posts\/221658\/revisions"}],"predecessor-version":[{"id":221660,"href":"https:\/\/diarioregionaldigital.com.br\/index.php?rest_route=\/wp\/v2\/posts\/221658\/revisions\/221660"}],"wp:featuredmedia":[{"embeddable":true,"href":"https:\/\/diarioregionaldigital.com.br\/index.php?rest_route=\/wp\/v2\/media\/221659"}],"wp:attachment":[{"href":"https:\/\/diarioregionaldigital.com.br\/index.php?rest_route=%2Fwp%2Fv2%2Fmedia&parent=221658"}],"wp:term":[{"taxonomy":"category","embeddable":true,"href":"https:\/\/diarioregionaldigital.com.br\/index.php?rest_route=%2Fwp%2Fv2%2Fcategories&post=221658"},{"taxonomy":"post_tag","embeddable":true,"href":"https:\/\/diarioregionaldigital.com.br\/index.php?rest_route=%2Fwp%2Fv2%2Ftags&post=221658"}],"curies":[{"name":"wp","href":"https:\/\/api.w.org\/{rel}","templated":true}]}}