{"id":221639,"date":"2024-03-12T19:18:39","date_gmt":"2024-03-12T22:18:39","guid":{"rendered":"https:\/\/diarioregionaldigital.com.br\/?p=221639"},"modified":"2024-03-12T19:18:39","modified_gmt":"2024-03-12T22:18:39","slug":"pjf-realiza-abertura-dos-envelopes-do-chamamento-publico-do-programa-nacional-de-alimentacao-escolar","status":"publish","type":"post","link":"https:\/\/diarioregionaldigital.com.br\/?p=221639","title":{"rendered":"PJF realiza abertura dos envelopes do chamamento p\u00fablico do Programa Nacional de Alimenta\u00e7\u00e3o Escolar"},"content":{"rendered":"<p>Segundo informa\u00e7\u00f5es do site da Prefeitura de Juiz de Fora (PJF), f<span style=\"color: #333333; font-size: 16px;\">oi realizada na tarde desta ter\u00e7a-feira, 12, em sess\u00e3o p\u00fablica, a abertura dos envelopes das cooperativas participantes do Edital 001\/24, referente a compras de g\u00eaneros aliment\u00edcios perec\u00edveis da agricultura familiar por meio do Programa Nacional de Alimenta\u00e7\u00e3o Escolar (PNAE).\u00a0<\/span><\/p>\n<div id=\"box_texto_noticia\">\n<div>\nCinco cooperativas da Agricultura Familiar entregaram envelopes com a documenta\u00e7\u00e3o e propostas referentes \u00e0 chamada p\u00fablica.\u00a0 A sess\u00e3o contou com a participa\u00e7\u00e3o de agricultores familiares representantes de quatro cooperativas participantes.<\/p>\n<p>Ap\u00f3s a abertura dos envelopes foi encerrada a sess\u00e3o p\u00fablica e posteriormente, a Comiss\u00e3o Especial de Credenciamento avaliar\u00e1 toda a documenta\u00e7\u00e3o dos participantes e seus respectivos projetos de venda, e o resultado ser\u00e1 publicado de forma ampla nos canais de comunica\u00e7\u00e3o da Prefeitura de Juiz de Fora (PJF).<\/p>\n<p>Este edital visa atender as escolas da rede municipal de ensino e creches parceiras da PJF. As cooperativas poder\u00e3o fornecer produtos perec\u00edveis, como verduras, legumes, frutas, ovos, iogurte e queijo.\u00a0 Com a a\u00e7\u00e3o, o Executivo contribui para o desenvolvimento regional da agricultura e promove a seguran\u00e7a alimentar e nutricional dos estudantes.<\/p>\n<p>Outros detalhes sobre o chamamento p\u00fablico voc\u00ea confere\u00a0<strong><a href=\"https:\/\/www.pjf.mg.gov.br\/secretarias\/seapa\/editais\/chamamento_publico\/\">aqui<\/a><\/strong>.<\/div>\n<\/div>\n<p>&nbsp;<\/p>\n<div id=\"box_compartilhar\" align=\"right\"><\/div>\n","protected":false},"excerpt":{"rendered":"<p>Segundo informa\u00e7\u00f5es do site da Prefeitura de Juiz de Fora (PJF), foi realizada na tarde desta ter\u00e7a-feira, 12, em sess\u00e3o p\u00fablica, a abertura dos envelopes das cooperativas participantes do Edital 001\/24, referente a compras de g\u00eaneros aliment\u00edcios perec\u00edveis da agricultura familiar por meio do Programa Nacional de Alimenta\u00e7\u00e3o Escolar (PNAE).\u00a0 Cinco cooperativas da Agricultura Familiar [&hellip;]<\/p>\n","protected":false},"author":246,"featured_media":221640,"comment_status":"closed","ping_status":"closed","sticky":false,"template":"","format":"standard","meta":{"footnotes":""},"categories":[253,436,439],"tags":[],"class_list":["post-221639","post","type-post","status-publish","format-standard","has-post-thumbnail","hentry","category-cidade","category-destaque-da-semana","category-ultima-hora"],"_links":{"self":[{"href":"https:\/\/diarioregionaldigital.com.br\/index.php?rest_route=\/wp\/v2\/posts\/221639","targetHints":{"allow":["GET"]}}],"collection":[{"href":"https:\/\/diarioregionaldigital.com.br\/index.php?rest_route=\/wp\/v2\/posts"}],"about":[{"href":"https:\/\/diarioregionaldigital.com.br\/index.php?rest_route=\/wp\/v2\/types\/post"}],"author":[{"embeddable":true,"href":"https:\/\/diarioregionaldigital.com.br\/index.php?rest_route=\/wp\/v2\/users\/246"}],"replies":[{"embeddable":true,"href":"https:\/\/diarioregionaldigital.com.br\/index.php?rest_route=%2Fwp%2Fv2%2Fcomments&post=221639"}],"version-history":[{"count":1,"href":"https:\/\/diarioregionaldigital.com.br\/index.php?rest_route=\/wp\/v2\/posts\/221639\/revisions"}],"predecessor-version":[{"id":221641,"href":"https:\/\/diarioregionaldigital.com.br\/index.php?rest_route=\/wp\/v2\/posts\/221639\/revisions\/221641"}],"wp:featuredmedia":[{"embeddable":true,"href":"https:\/\/diarioregionaldigital.com.br\/index.php?rest_route=\/wp\/v2\/media\/221640"}],"wp:attachment":[{"href":"https:\/\/diarioregionaldigital.com.br\/index.php?rest_route=%2Fwp%2Fv2%2Fmedia&parent=221639"}],"wp:term":[{"taxonomy":"category","embeddable":true,"href":"https:\/\/diarioregionaldigital.com.br\/index.php?rest_route=%2Fwp%2Fv2%2Fcategories&post=221639"},{"taxonomy":"post_tag","embeddable":true,"href":"https:\/\/diarioregionaldigital.com.br\/index.php?rest_route=%2Fwp%2Fv2%2Ftags&post=221639"}],"curies":[{"name":"wp","href":"https:\/\/api.w.org\/{rel}","templated":true}]}}