{"id":221624,"date":"2024-03-12T19:08:41","date_gmt":"2024-03-12T22:08:41","guid":{"rendered":"https:\/\/diarioregionaldigital.com.br\/?p=221624"},"modified":"2024-03-12T19:08:41","modified_gmt":"2024-03-12T22:08:41","slug":"brasil-garante-dois-ouros-em-etapa-da-copa-do-mundo-de-tiro-esportivo","status":"publish","type":"post","link":"https:\/\/diarioregionaldigital.com.br\/?p=221624","title":{"rendered":"Brasil garante dois ouros em etapa da Copa do Mundo de tiro esportivo"},"content":{"rendered":"<p>O Sport Club de Recife foi punido nesta ter\u00e7a-feira (12), em primeira inst\u00e2ncia, a jogar oito partidas com port\u00f5es fechados em decorr\u00eancia do\u00a0<a href=\"https:\/\/agenciabrasil.ebc.com.br\/esportes\/noticia\/2024-02\/clubes-brasileiros-expressam-solidariedade-ao-fortaleza-apos-ataques\"><strong>ataque de torcedores rubro-negros ao \u00f4nibus com a delega\u00e7\u00e3o do time masculino do Fortaleza<\/strong><\/a>, no \u00faltimo dia 22, que deixou seis jogadores atletas do clube hospitalizados. Por\u00a0<strong><a href=\"https:\/\/www.stjd.org.br\/noticias\/comissao-pune-sport-por-acao-de-torcedores\">decis\u00e3o un\u00e2nime\u00a0ap\u00f3s julgamento hoje,<\/a>\u00a0<\/strong>a Segunda Comiss\u00e3o Disciplinar do Superior Tribunal de Justi\u00e7a Desportiva (STJD)<strong>\u00a0<\/strong>tamb\u00e9m determinou da carga de ingressos a que o Sport tem direito como visitante \u2013 at\u00e9 cumprir os oito jogos sem p\u00fablico &#8211; e estabeleceu o pagamento de multa de R$ 80 mil, como prev\u00ea o artigo 213 do C\u00f3digo Brasileiro de Justi\u00e7a Desportiva (CBJD). O Sport ainda poder\u00e1 recorrer ao Pleno (todos os ju\u00edzes) do STJD.<img decoding=\"async\" src=\"https:\/\/agenciabrasil.ebc.com.br\/ebc.png?id=1585399&amp;o=node\" \/><img decoding=\"async\" src=\"https:\/\/agenciabrasil.ebc.com.br\/ebc.gif?id=1585399&amp;o=node\" \/><\/p>\n<blockquote><p><em>\u201c\u00c9 necess\u00e1rio que o STJD atue de forma preventiva. \u00c9 necess\u00e1rio que o clube seja condenado nas penas do artigo 213. Com rela\u00e7\u00e3o a dosimetria da pena, levo em considera\u00e7\u00e3o a extrema gravidade da infra\u00e7\u00e3o, a enorme extens\u00e3o do fato, os meios empregados com pedras e bombas, os motivos determinantes da agress\u00e3o com viol\u00eancia gratuita e os antecedentes do infrator<\/em>\u201d, disse o relator do processo, o auditor Diogo Maia, que julgou procedente a den\u00fancia feita pela Procuradoria da Justi\u00e7a Esportiva no dia 23 de fevereiro, dois dias ap\u00f3s o atentado.<\/p><\/blockquote>\n<p>O relator\u00a0tamb\u00e9m considerou na decis\u00e3o proferida nesta ter\u00e7a o retrospecto de condena\u00e7\u00f5es recebidas pelo Sport: o clube j\u00e1 fora punido 11 vezes no STJD, no artigo 213 do CBJD\u00a0<em>[deixar de tomar provid\u00eancias capazes de prevenir e reprimir]<\/em>.<\/p>\n<p>O \u00f4nibus com a delega\u00e7\u00e3o do Fortaleza foi apedrejado no in\u00edcio da madrugada do \u00faltimo dia 22, ap\u00f3s a sa\u00edda da Arena Pernambuco, onde o time empatara em 1 a 1 com o Sport, pela Copa do Nordeste. Na ocasi\u00e3o, o CEO (diretor-executivo) do Fortaleza Marcelo Paz publicou\u00a0<a href=\"https:\/\/www.instagram.com\/reel\/C3oqo-LuEfM\/?utm_source=ig_embed&amp;ig_rid=6d515a2b-29c3-4df0-bfd6-ab9f2fd05883\"><strong>imagens nas redes sociais<\/strong><\/a>\u00a0em que jogadores aparecem feridos. Um dos hospitalizados, o\u00a0jogador Gonzalo Escobar, teve traumatismo craniano, com perda transit\u00f3ria de consci\u00eancia.<\/p>\n<p><a href=\"https:\/\/agenciabrasil.ebc.com.br\/radioagencia-nacional\/esportes\/audio\/2024-02\/justica-desportiva-pune-sport-por-ataque-onibus-do-fortaleza\"><strong>No \u00faltimo dia 24, o presidente STJD Jos\u00e9 Perdiz j\u00e1 determinara em decis\u00e3o liminar<\/strong><\/a>, a pedido da Procuradoria,\u00a0 que o Sport jogasse com port\u00f5es fechados e sem torcida como visitante em partidas de competi\u00e7\u00f5es nacionais, at\u00e9 o julgamento da den\u00fancia, realizado nesta ter\u00e7a (12).<\/p>\n<p>Fonte: Ag\u00eancia Brasil<\/p>\n","protected":false},"excerpt":{"rendered":"<p>O Sport Club de Recife foi punido nesta ter\u00e7a-feira (12), em primeira inst\u00e2ncia, a jogar oito partidas com port\u00f5es fechados em decorr\u00eancia do\u00a0ataque de torcedores rubro-negros ao \u00f4nibus com a delega\u00e7\u00e3o do time masculino do Fortaleza, no \u00faltimo dia 22, que deixou seis jogadores atletas do clube hospitalizados. Por\u00a0decis\u00e3o un\u00e2nime\u00a0ap\u00f3s julgamento hoje,\u00a0a Segunda Comiss\u00e3o Disciplinar [&hellip;]<\/p>\n","protected":false},"author":246,"featured_media":221625,"comment_status":"closed","ping_status":"closed","sticky":false,"template":"","format":"standard","meta":{"footnotes":""},"categories":[436,440,257,439],"tags":[],"class_list":["post-221624","post","type-post","status-publish","format-standard","has-post-thumbnail","hentry","category-destaque-da-semana","category-destaques-do-dia","category-esporte","category-ultima-hora"],"_links":{"self":[{"href":"https:\/\/diarioregionaldigital.com.br\/index.php?rest_route=\/wp\/v2\/posts\/221624","targetHints":{"allow":["GET"]}}],"collection":[{"href":"https:\/\/diarioregionaldigital.com.br\/index.php?rest_route=\/wp\/v2\/posts"}],"about":[{"href":"https:\/\/diarioregionaldigital.com.br\/index.php?rest_route=\/wp\/v2\/types\/post"}],"author":[{"embeddable":true,"href":"https:\/\/diarioregionaldigital.com.br\/index.php?rest_route=\/wp\/v2\/users\/246"}],"replies":[{"embeddable":true,"href":"https:\/\/diarioregionaldigital.com.br\/index.php?rest_route=%2Fwp%2Fv2%2Fcomments&post=221624"}],"version-history":[{"count":1,"href":"https:\/\/diarioregionaldigital.com.br\/index.php?rest_route=\/wp\/v2\/posts\/221624\/revisions"}],"predecessor-version":[{"id":221626,"href":"https:\/\/diarioregionaldigital.com.br\/index.php?rest_route=\/wp\/v2\/posts\/221624\/revisions\/221626"}],"wp:featuredmedia":[{"embeddable":true,"href":"https:\/\/diarioregionaldigital.com.br\/index.php?rest_route=\/wp\/v2\/media\/221625"}],"wp:attachment":[{"href":"https:\/\/diarioregionaldigital.com.br\/index.php?rest_route=%2Fwp%2Fv2%2Fmedia&parent=221624"}],"wp:term":[{"taxonomy":"category","embeddable":true,"href":"https:\/\/diarioregionaldigital.com.br\/index.php?rest_route=%2Fwp%2Fv2%2Fcategories&post=221624"},{"taxonomy":"post_tag","embeddable":true,"href":"https:\/\/diarioregionaldigital.com.br\/index.php?rest_route=%2Fwp%2Fv2%2Ftags&post=221624"}],"curies":[{"name":"wp","href":"https:\/\/api.w.org\/{rel}","templated":true}]}}