{"id":221615,"date":"2024-03-12T19:01:43","date_gmt":"2024-03-12T22:01:43","guid":{"rendered":"https:\/\/diarioregionaldigital.com.br\/?p=221615"},"modified":"2024-03-12T19:01:43","modified_gmt":"2024-03-12T22:01:43","slug":"moraes-inaugura-centro-e-reafirma-combate-a-desinformacao-nas-eleicoes","status":"publish","type":"post","link":"https:\/\/diarioregionaldigital.com.br\/?p=221615","title":{"rendered":"Moraes inaugura centro e reafirma combate \u00e0 desinforma\u00e7\u00e3o nas elei\u00e7\u00f5es"},"content":{"rendered":"<p>O Tribunal Superior Eleitoral (TSE) inaugurou nesta ter\u00e7a-feira (12) o centro de monitoramento para combater a desinforma\u00e7\u00e3o durante as elei\u00e7\u00f5es municipais de outubro.<img decoding=\"async\" src=\"https:\/\/agenciabrasil.ebc.com.br\/ebc.png?id=1585402&amp;o=node\" \/><img decoding=\"async\" src=\"https:\/\/agenciabrasil.ebc.com.br\/ebc.gif?id=1585402&amp;o=node\" \/><\/p>\n<p>O \u00f3rg\u00e3o vai monitorar a circula\u00e7\u00e3o de conte\u00fados antidemocr\u00e1ticos, discriminat\u00f3rios e discursos de \u00f3dio nas redes sociais.<\/p>\n<p>O Centro Integrado de Enfrentamento \u00e0 Desinforma\u00e7\u00e3o e Defesa da Democracia vai atuar por meio de um sistema de coopera\u00e7\u00e3o entre \u00f3rg\u00e3os p\u00fablicos e as empresas que operam as redes sociais. Os integrantes dever\u00e3o trocar informa\u00e7\u00f5es para dar efetividade \u00e0s decis\u00f5es da Justi\u00e7a Eleitoral que determinarem a retirada de conte\u00fados ilegais.<\/p>\n<p>O centro ser\u00e1 comandado pelo presidente do TSE, ministro Alexandre de Moraes, e ter\u00e1 a participa\u00e7\u00e3o da Procuradoria-Geral da Rep\u00fablica, do Minist\u00e9rio da Justi\u00e7a, da Ordem dos Advogados do Brasil (OAB) e da Ag\u00eancia Nacional de Telecomunica\u00e7\u00f5es (Anatel).<\/p>\n<p>Durante a cerim\u00f4nia de inaugura\u00e7\u00e3o, Moraes disse que haver\u00e1 uma rede de monitoramento integrado entre o centro e os tribunais regionais eleitorais para combater as condutas abusivas.\u00a0 O presidente do TSE refor\u00e7ou que a Justi\u00e7a Eleitoral n\u00e3o vai admitir discursos antidemocr\u00e1ticos, de \u00f3dio e fake news durante as elei\u00e7\u00f5es.<\/p>\n<p>&#8220;O TSE tem a miss\u00e3o de garantir a liberdade na hora da escolha do eleitor. Essa vontade vem sendo atacada de forma virtual por mil\u00edcias digitais, que, se aproveitando de not\u00edcias fraudulentas, pretendem capturar a vontade do eleitor na hora de seu voto. \u00c9 necess\u00e1rio que a Justi\u00e7a Eleitoral possa estar preparada para combater a desinforma\u00e7\u00e3o&#8221;, afirmou.<\/p>\n<p>Em fevereiro, o TSE aprovou as regras para uso da intelig\u00eancia artificial no pleito municipal. A regra principal da medida pro\u00edbe manipula\u00e7\u00f5es de conte\u00fado falso para criar ou substituir imagem ou voz de candidato com objetivo de prejudicar candidaturas.<\/p>\n<p>Os\u00a0 candidatos eleitos que desrespeitarem as regras poder\u00e3o ter os mandatos cassados.<\/p>\n<p>Fonte: Ag\u00eancia Brasil<\/p>\n<div id=\"attachment_221616\" style=\"width: 310px\" class=\"wp-caption alignnone\"><img loading=\"lazy\" decoding=\"async\" aria-describedby=\"caption-attachment-221616\" class=\"size-medium wp-image-221616\" src=\"https:\/\/diarioregionaldigital.com.br\/wp-content\/uploads\/2024\/03\/politica-01-5-300x200.jpg\" alt=\"\" width=\"300\" height=\"200\" srcset=\"https:\/\/diarioregionaldigital.com.br\/wp-content\/uploads\/2024\/03\/politica-01-5-300x200.jpg 300w, https:\/\/diarioregionaldigital.com.br\/wp-content\/uploads\/2024\/03\/politica-01-5-1024x683.jpg 1024w, https:\/\/diarioregionaldigital.com.br\/wp-content\/uploads\/2024\/03\/politica-01-5-768x512.jpg 768w, https:\/\/diarioregionaldigital.com.br\/wp-content\/uploads\/2024\/03\/politica-01-5-1536x1024.jpg 1536w, https:\/\/diarioregionaldigital.com.br\/wp-content\/uploads\/2024\/03\/politica-01-5-2048x1365.jpg 2048w, https:\/\/diarioregionaldigital.com.br\/wp-content\/uploads\/2024\/03\/politica-01-5-360x240.jpg 360w\" sizes=\"auto, (max-width: 300px) 100vw, 300px\" \/><p id=\"caption-attachment-221616\" class=\"wp-caption-text\">Rede de monitoramento combater\u00e1 as condutas abusivas. Foto: \u00a9 Marcelo Camargo\/Ag\u00eancia Brasil<\/p><\/div>\n","protected":false},"excerpt":{"rendered":"<p>O Tribunal Superior Eleitoral (TSE) inaugurou nesta ter\u00e7a-feira (12) o centro de monitoramento para combater a desinforma\u00e7\u00e3o durante as elei\u00e7\u00f5es municipais de outubro. O \u00f3rg\u00e3o vai monitorar a circula\u00e7\u00e3o de conte\u00fados antidemocr\u00e1ticos, discriminat\u00f3rios e discursos de \u00f3dio nas redes sociais. O Centro Integrado de Enfrentamento \u00e0 Desinforma\u00e7\u00e3o e Defesa da Democracia vai atuar por meio [&hellip;]<\/p>\n","protected":false},"author":246,"featured_media":221619,"comment_status":"closed","ping_status":"closed","sticky":false,"template":"","format":"standard","meta":{"footnotes":""},"categories":[436,440,254,439],"tags":[],"class_list":["post-221615","post","type-post","status-publish","format-standard","has-post-thumbnail","hentry","category-destaque-da-semana","category-destaques-do-dia","category-politica","category-ultima-hora"],"_links":{"self":[{"href":"https:\/\/diarioregionaldigital.com.br\/index.php?rest_route=\/wp\/v2\/posts\/221615","targetHints":{"allow":["GET"]}}],"collection":[{"href":"https:\/\/diarioregionaldigital.com.br\/index.php?rest_route=\/wp\/v2\/posts"}],"about":[{"href":"https:\/\/diarioregionaldigital.com.br\/index.php?rest_route=\/wp\/v2\/types\/post"}],"author":[{"embeddable":true,"href":"https:\/\/diarioregionaldigital.com.br\/index.php?rest_route=\/wp\/v2\/users\/246"}],"replies":[{"embeddable":true,"href":"https:\/\/diarioregionaldigital.com.br\/index.php?rest_route=%2Fwp%2Fv2%2Fcomments&post=221615"}],"version-history":[{"count":1,"href":"https:\/\/diarioregionaldigital.com.br\/index.php?rest_route=\/wp\/v2\/posts\/221615\/revisions"}],"predecessor-version":[{"id":221620,"href":"https:\/\/diarioregionaldigital.com.br\/index.php?rest_route=\/wp\/v2\/posts\/221615\/revisions\/221620"}],"wp:featuredmedia":[{"embeddable":true,"href":"https:\/\/diarioregionaldigital.com.br\/index.php?rest_route=\/wp\/v2\/media\/221619"}],"wp:attachment":[{"href":"https:\/\/diarioregionaldigital.com.br\/index.php?rest_route=%2Fwp%2Fv2%2Fmedia&parent=221615"}],"wp:term":[{"taxonomy":"category","embeddable":true,"href":"https:\/\/diarioregionaldigital.com.br\/index.php?rest_route=%2Fwp%2Fv2%2Fcategories&post=221615"},{"taxonomy":"post_tag","embeddable":true,"href":"https:\/\/diarioregionaldigital.com.br\/index.php?rest_route=%2Fwp%2Fv2%2Ftags&post=221615"}],"curies":[{"name":"wp","href":"https:\/\/api.w.org\/{rel}","templated":true}]}}