{"id":221607,"date":"2024-03-12T12:17:05","date_gmt":"2024-03-12T15:17:05","guid":{"rendered":"https:\/\/diarioregionaldigital.com.br\/?p=221607"},"modified":"2024-03-12T12:17:05","modified_gmt":"2024-03-12T15:17:05","slug":"edital-001-24-12-03-2024","status":"publish","type":"post","link":"https:\/\/diarioregionaldigital.com.br\/?p=221607","title":{"rendered":"EDITAL \u2013 001\/24 &#8211; 12\/03\/2024"},"content":{"rendered":"<p style=\"text-align: center;\">EDITAL \u2013 001\/24<br \/>\nCONVOCA\u00c7\u00c3O DA ASSEMBLEIA GERAL ORDIN\u00c1RIA<\/p>\n<p style=\"text-align: center;\">\nO Presidente da Cooperativa Mista de Consumo e Servi\u00e7os dos Trabalhadores no Ramo<br \/>\nFinanceiro de Juiz de Fora &#8211; COCSERV, pessoa jur\u00eddica de direito privado, com sede na Rua<br \/>\nBernardo Mascarenhas, 945, andar 1, sala 01, Bairro F\u00e1brica, Juiz de Fora, Minas Gerais, CEP<br \/>\n36080-001, inscrita no CNPJ 20.782.060\/0001-10, NIRE 3140005553-3, no uso das atribui\u00e7\u00f5es<br \/>\nconferidas pelo Estatuto Social, convoca os senhores, que nesta data somam-se 47 (quarenta e<br \/>\nsete) cooperados em pleno gozo de seus direitos sociais para se reunir em Assembleia Geral<br \/>\nOrdin\u00e1ria (AGO) conforme determina o art. 25\u00b0.<br \/>\nA assembleia ser\u00e1 realizada na sede da cooperativa situada na Rua Bernardo Mascarenhas, 945,<br \/>\nandar 1, sala 01, Bairro F\u00e1brica, Juiz de Fora, Minas Gerais, CEP 36080-001, no dia 10 de abril<br \/>\nde 2024, em primeira convoca\u00e7\u00e3o \u00e0s 18h00min, com a presen\u00e7a de 2\/3 (dois ter\u00e7os) dos<br \/>\ncooperados, segunda convoca\u00e7\u00e3o \u00e0s 19h00min, com a presen\u00e7a de metade mais um do n\u00famero<br \/>\ntotal de cooperados e persistindo a falta de qu\u00f3rum legal e na terceira e \u00faltima convoca\u00e7\u00e3o as<br \/>\n20h00min, com a presen\u00e7a m\u00ednima de 10(dez) cooperados, a fim de deliberarem sobre a<br \/>\nseguinte ordem do dia:<br \/>\nPauta AGO:<br \/>\nPresta\u00e7\u00e3o de contas de 2023 pela Diretoria, acompanhada do parecer do Conselho Fiscal,<br \/>\ncompreendendo:<br \/>\nI. Relat\u00f3rio de gest\u00e3o;<br \/>\nII. Balan\u00e7o patrimonial;<br \/>\nIII. Demonstrativo das sobras apuradas ou das perdas decorrentes da insufici\u00eancia das<br \/>\ncontribui\u00e7\u00f5es para cobertura das despesas da Sociedade e do parecer do Conselho Fiscal.<br \/>\nIV. Destina\u00e7\u00e3o das sobras apuradas ou rateio das perdas decorrentes da insufici\u00eancia das<br \/>\ncontribui\u00e7\u00f5es para cobertura das despesas da Sociedade, deduzindo-se, no primeiro caso, as<br \/>\nparcelas para os fundos obrigat\u00f3rios;<br \/>\nV. Elei\u00e7\u00e3o e posse dos componentes da Diretoria e conselho Fiscal;<br \/>\nVI. Plano de Trabalho para o ano 2024\/2025;<br \/>\nVII. Outros Assuntos de Interesse Social.<br \/>\nNa aus\u00eancia dos cooperados implica na concord\u00e2ncia aos assuntos que forem tratados e<br \/>\ndeliberados.<br \/>\nO prazo para registro de chapas dever\u00e1 ocorrer at\u00e9 o dia 09(nove) de abril de 2024 no hor\u00e1rio<br \/>\ndas 13h30min \u00e0s 16h30min.<br \/>\nJuiz de Fora, 08 de mar\u00e7o de 2024.<br \/>\nNeidison Ant\u00f4nio Rodrigues<br \/>\nDiretor Presidente<\/p>\n","protected":false},"excerpt":{"rendered":"<p>EDITAL \u2013 001\/24 CONVOCA\u00c7\u00c3O DA ASSEMBLEIA GERAL ORDIN\u00c1RIA O Presidente da Cooperativa Mista de Consumo e Servi\u00e7os dos Trabalhadores no Ramo Financeiro de Juiz de Fora &#8211; COCSERV, pessoa jur\u00eddica de direito privado, com sede na Rua Bernardo Mascarenhas, 945, andar 1, sala 01, Bairro F\u00e1brica, Juiz de Fora, Minas Gerais, CEP 36080-001, inscrita no [&hellip;]<\/p>\n","protected":false},"author":246,"featured_media":0,"comment_status":"closed","ping_status":"closed","sticky":false,"template":"","format":"standard","meta":{"footnotes":""},"categories":[307],"tags":[],"class_list":["post-221607","post","type-post","status-publish","format-standard","hentry","category-editais"],"_links":{"self":[{"href":"https:\/\/diarioregionaldigital.com.br\/index.php?rest_route=\/wp\/v2\/posts\/221607","targetHints":{"allow":["GET"]}}],"collection":[{"href":"https:\/\/diarioregionaldigital.com.br\/index.php?rest_route=\/wp\/v2\/posts"}],"about":[{"href":"https:\/\/diarioregionaldigital.com.br\/index.php?rest_route=\/wp\/v2\/types\/post"}],"author":[{"embeddable":true,"href":"https:\/\/diarioregionaldigital.com.br\/index.php?rest_route=\/wp\/v2\/users\/246"}],"replies":[{"embeddable":true,"href":"https:\/\/diarioregionaldigital.com.br\/index.php?rest_route=%2Fwp%2Fv2%2Fcomments&post=221607"}],"version-history":[{"count":1,"href":"https:\/\/diarioregionaldigital.com.br\/index.php?rest_route=\/wp\/v2\/posts\/221607\/revisions"}],"predecessor-version":[{"id":221608,"href":"https:\/\/diarioregionaldigital.com.br\/index.php?rest_route=\/wp\/v2\/posts\/221607\/revisions\/221608"}],"wp:attachment":[{"href":"https:\/\/diarioregionaldigital.com.br\/index.php?rest_route=%2Fwp%2Fv2%2Fmedia&parent=221607"}],"wp:term":[{"taxonomy":"category","embeddable":true,"href":"https:\/\/diarioregionaldigital.com.br\/index.php?rest_route=%2Fwp%2Fv2%2Fcategories&post=221607"},{"taxonomy":"post_tag","embeddable":true,"href":"https:\/\/diarioregionaldigital.com.br\/index.php?rest_route=%2Fwp%2Fv2%2Ftags&post=221607"}],"curies":[{"name":"wp","href":"https:\/\/api.w.org\/{rel}","templated":true}]}}