{"id":221604,"date":"2024-03-11T14:51:50","date_gmt":"2024-03-11T17:51:50","guid":{"rendered":"https:\/\/diarioregionaldigital.com.br\/?p=221604"},"modified":"2024-03-11T14:51:50","modified_gmt":"2024-03-11T17:51:50","slug":"falta-de-energia-eletrica-compromete-abastecimento-de-agua-no-distrito-de-valadares","status":"publish","type":"post","link":"https:\/\/diarioregionaldigital.com.br\/?p=221604","title":{"rendered":"Falta de energia el\u00e9trica compromete abastecimento de \u00e1gua no distrito de Valadares"},"content":{"rendered":"<p>Segundo informa\u00e7\u00f5es do site da Prefeitura de Juiz de Fora (PJF), falhas no fornecimento de energia el\u00e9trica no distrito de Valadares, por parte da Companhia Energ\u00e9tica de Minas Gerais (Cemig), est\u00e3o prejudicando o abastecimento de \u00e1gua pela Companhia de Saneamento Municipal (Cesama) da Prefeitura de Juiz de Fora (PJF) nessa localidade.<\/p>\n<p>Inicialmente, o problema foi percebido pela Cesama no dia 1\u00ba de mar\u00e7o, acionando a Cemig, por meio da abertura de diversos protocolos, ao longo dos dias, para urgente solu\u00e7\u00e3o. No dia 5, a situa\u00e7\u00e3o foi regularizada. No entanto, no dia 8, a Cesama novamente identificou uma queda no fornecimento de energia, informando a Companhia Energ\u00e9tica, o que foi solucionado no mesmo dia. Por\u00e9m, no \u00faltimo domingo, 10, novamente, a Cesama acionou a Cemig, em virtude de uma nova interrup\u00e7\u00e3o, o que, at\u00e9 o momento, n\u00e3o foi solucionado.<\/p>\n<p>Para amenizar o desabastecimento de \u00e1gua desse distrito, a Cesama tem enviado caminh\u00f5es pipa para abastecer a caixa de partida da Esta\u00e7\u00e3o de Tratamento de \u00c1gua (ETA) compacta, que fornece \u00e1gua para o distrito, enquanto aguarda o restabelecimento da energia el\u00e9trica. At\u00e9 a normaliza\u00e7\u00e3o efetiva, por parte da Cemig, a companhia pede que os moradores economizem \u00e1gua.<\/p>\n<p><strong>Outras informa\u00e7\u00f5es:<\/strong><br \/>\n3692-9179 &#8211; Assessoria de Comunica\u00e7\u00e3o da Cesama<\/p>\n","protected":false},"excerpt":{"rendered":"<p>Segundo informa\u00e7\u00f5es do site da Prefeitura de Juiz de Fora (PJF), falhas no fornecimento de energia el\u00e9trica no distrito de Valadares, por parte da Companhia Energ\u00e9tica de Minas Gerais (Cemig), est\u00e3o prejudicando o abastecimento de \u00e1gua pela Companhia de Saneamento Municipal (Cesama) da Prefeitura de Juiz de Fora (PJF) nessa localidade. Inicialmente, o problema foi [&hellip;]<\/p>\n","protected":false},"author":246,"featured_media":221605,"comment_status":"closed","ping_status":"closed","sticky":false,"template":"","format":"standard","meta":{"footnotes":""},"categories":[253,436,440,439],"tags":[],"class_list":["post-221604","post","type-post","status-publish","format-standard","has-post-thumbnail","hentry","category-cidade","category-destaque-da-semana","category-destaques-do-dia","category-ultima-hora"],"_links":{"self":[{"href":"https:\/\/diarioregionaldigital.com.br\/index.php?rest_route=\/wp\/v2\/posts\/221604","targetHints":{"allow":["GET"]}}],"collection":[{"href":"https:\/\/diarioregionaldigital.com.br\/index.php?rest_route=\/wp\/v2\/posts"}],"about":[{"href":"https:\/\/diarioregionaldigital.com.br\/index.php?rest_route=\/wp\/v2\/types\/post"}],"author":[{"embeddable":true,"href":"https:\/\/diarioregionaldigital.com.br\/index.php?rest_route=\/wp\/v2\/users\/246"}],"replies":[{"embeddable":true,"href":"https:\/\/diarioregionaldigital.com.br\/index.php?rest_route=%2Fwp%2Fv2%2Fcomments&post=221604"}],"version-history":[{"count":1,"href":"https:\/\/diarioregionaldigital.com.br\/index.php?rest_route=\/wp\/v2\/posts\/221604\/revisions"}],"predecessor-version":[{"id":221606,"href":"https:\/\/diarioregionaldigital.com.br\/index.php?rest_route=\/wp\/v2\/posts\/221604\/revisions\/221606"}],"wp:featuredmedia":[{"embeddable":true,"href":"https:\/\/diarioregionaldigital.com.br\/index.php?rest_route=\/wp\/v2\/media\/221605"}],"wp:attachment":[{"href":"https:\/\/diarioregionaldigital.com.br\/index.php?rest_route=%2Fwp%2Fv2%2Fmedia&parent=221604"}],"wp:term":[{"taxonomy":"category","embeddable":true,"href":"https:\/\/diarioregionaldigital.com.br\/index.php?rest_route=%2Fwp%2Fv2%2Fcategories&post=221604"},{"taxonomy":"post_tag","embeddable":true,"href":"https:\/\/diarioregionaldigital.com.br\/index.php?rest_route=%2Fwp%2Fv2%2Ftags&post=221604"}],"curies":[{"name":"wp","href":"https:\/\/api.w.org\/{rel}","templated":true}]}}