{"id":221583,"date":"2024-03-08T18:06:33","date_gmt":"2024-03-08T21:06:33","guid":{"rendered":"https:\/\/diarioregionaldigital.com.br\/?p=221583"},"modified":"2024-03-08T18:06:33","modified_gmt":"2024-03-08T21:06:33","slug":"pjf-realiza-acao-de-alimentacao-saudavel-voltada-as-mulheres-que-frequentam-o-restaurante-popular","status":"publish","type":"post","link":"https:\/\/diarioregionaldigital.com.br\/?p=221583","title":{"rendered":"PJF realiza a\u00e7\u00e3o de alimenta\u00e7\u00e3o saud\u00e1vel voltada \u00e0s mulheres que frequentam o Restaurante Popular"},"content":{"rendered":"<p>Segundo informa\u00e7\u00f5es do site da Prefeitura de Juiz de Fora (PJF), nesta sexta-feira, 8, Dia Internacional das Mulheres, a Prefeitura de Juiz de Fora (PJF) preparou uma s\u00e9rie de atividades, e as mulheres que frequentam o Restaurante Popular n\u00e3o ficaram de fora das a\u00e7\u00f5es.<\/p>\n<p>&nbsp;<\/p>\n<div>Um guia pr\u00e1tico com orienta\u00e7\u00f5es sobre alimenta\u00e7\u00e3o saud\u00e1vel voltado para o p\u00fablico feminino\u00a0 foi entregue para as mulheres que frequentaram o local na data de hoje. Al\u00e9m disso, em parceria com a Faculdade Centro Universo, os acad\u00eamicos do Curso de Nutri\u00e7\u00e3o fizeram avalia\u00e7\u00e3o antropom\u00e9trica, esclarecimentos sobre alimenta\u00e7\u00e3o na preven\u00e7\u00e3o e tratamento de enfermidades do p\u00fablico feminino. Tamb\u00e9m foram realizadas din\u00e2micas de educa\u00e7\u00e3o alimentar e nutricional.<\/div>\n<p>&nbsp;<\/p>\n<div>\u201cO Restaurante Popular \u00e9 um equipamento de Seguran\u00e7a Alimentar para todas as mulheres. Trabalhamos diariamente para garantir uma alimenta\u00e7\u00e3o adequada, com qualidade e saud\u00e1vel para elas, e por isso, nesta data t\u00e3o importante que marca a luta e conquistas das mulheres, nosso objetivo \u00e9 ressaltar ainda mais esse projeto que faz diferen\u00e7a na vida das pessoas. Uma pol\u00edtica p\u00fablica efetiva constru\u00edda e aprimorada a cada dia por gestoras mulheres\u201d, destacou a secret\u00e1ria de Agricultura, Pecu\u00e1ria e Abastecimento, Fabiola Paulino da Silva.<\/div>\n<p>&nbsp;<\/p>\n<div>A programa\u00e7\u00e3o da Campanha \u201cMar\u00e7o, Mais Mulher, Mais Democracia\u201d ainda segue durante todo o m\u00eas. Confira\u00a0<strong><a href=\"https:\/\/www.pjf.mg.gov.br\/noticias\/view.php?modo=link2&amp;idnoticia2=82831\">aqui<\/a><\/strong>\u00a0todos os detalhes.<\/div>\n","protected":false},"excerpt":{"rendered":"<p>Segundo informa\u00e7\u00f5es do site da Prefeitura de Juiz de Fora (PJF), nesta sexta-feira, 8, Dia Internacional das Mulheres, a Prefeitura de Juiz de Fora (PJF) preparou uma s\u00e9rie de atividades, e as mulheres que frequentam o Restaurante Popular n\u00e3o ficaram de fora das a\u00e7\u00f5es. &nbsp; Um guia pr\u00e1tico com orienta\u00e7\u00f5es sobre alimenta\u00e7\u00e3o saud\u00e1vel voltado para [&hellip;]<\/p>\n","protected":false},"author":246,"featured_media":221584,"comment_status":"closed","ping_status":"closed","sticky":false,"template":"","format":"standard","meta":{"footnotes":""},"categories":[253,436,439],"tags":[],"class_list":["post-221583","post","type-post","status-publish","format-standard","has-post-thumbnail","hentry","category-cidade","category-destaque-da-semana","category-ultima-hora"],"_links":{"self":[{"href":"https:\/\/diarioregionaldigital.com.br\/index.php?rest_route=\/wp\/v2\/posts\/221583","targetHints":{"allow":["GET"]}}],"collection":[{"href":"https:\/\/diarioregionaldigital.com.br\/index.php?rest_route=\/wp\/v2\/posts"}],"about":[{"href":"https:\/\/diarioregionaldigital.com.br\/index.php?rest_route=\/wp\/v2\/types\/post"}],"author":[{"embeddable":true,"href":"https:\/\/diarioregionaldigital.com.br\/index.php?rest_route=\/wp\/v2\/users\/246"}],"replies":[{"embeddable":true,"href":"https:\/\/diarioregionaldigital.com.br\/index.php?rest_route=%2Fwp%2Fv2%2Fcomments&post=221583"}],"version-history":[{"count":1,"href":"https:\/\/diarioregionaldigital.com.br\/index.php?rest_route=\/wp\/v2\/posts\/221583\/revisions"}],"predecessor-version":[{"id":221585,"href":"https:\/\/diarioregionaldigital.com.br\/index.php?rest_route=\/wp\/v2\/posts\/221583\/revisions\/221585"}],"wp:featuredmedia":[{"embeddable":true,"href":"https:\/\/diarioregionaldigital.com.br\/index.php?rest_route=\/wp\/v2\/media\/221584"}],"wp:attachment":[{"href":"https:\/\/diarioregionaldigital.com.br\/index.php?rest_route=%2Fwp%2Fv2%2Fmedia&parent=221583"}],"wp:term":[{"taxonomy":"category","embeddable":true,"href":"https:\/\/diarioregionaldigital.com.br\/index.php?rest_route=%2Fwp%2Fv2%2Fcategories&post=221583"},{"taxonomy":"post_tag","embeddable":true,"href":"https:\/\/diarioregionaldigital.com.br\/index.php?rest_route=%2Fwp%2Fv2%2Ftags&post=221583"}],"curies":[{"name":"wp","href":"https:\/\/api.w.org\/{rel}","templated":true}]}}