{"id":221580,"date":"2024-03-08T18:05:35","date_gmt":"2024-03-08T21:05:35","guid":{"rendered":"https:\/\/diarioregionaldigital.com.br\/?p=221580"},"modified":"2024-03-08T18:05:35","modified_gmt":"2024-03-08T21:05:35","slug":"confira-a-rota-semanal-dos-agentes-de-combate-a-endemias-pelo-municipio","status":"publish","type":"post","link":"https:\/\/diarioregionaldigital.com.br\/?p=221580","title":{"rendered":"Confira a rota semanal dos Agentes de Combate \u00e0 Endemias pelo munic\u00edpio"},"content":{"rendered":"<p>Segundo informa\u00e7\u00f5es do site da Prefeitura de Juiz de Fora (PJF), seguindo com o trabalho di\u00e1rio de combate ao mosquito <em>Aedes aegypti<\/em>, a Prefeitura de Juiz de Fora (PJF), por meio dos Agentes de Combate \u00e0 Endemias (ACE), realiza, na pr\u00f3xima semana, dos dias 11 \u00e0 15 de mar\u00e7o, rotas de visitas e vistorias a resid\u00eancias e lotes em diversos bairros espalhados pelo munic\u00edpio. As atividades j\u00e1 acontecem semanalmente, conforme cronograma definido pela Subsecretaria de Vigil\u00e2ncia em Sa\u00fade (SSVS), da Secretaria de Sa\u00fade (SS).<\/p>\n<div>A PJF solicita o apoio dos moradores na abertura de suas resid\u00eancias para que os profissionais possam realizar o trabalho de tratamento focal. \u00c9 importante que os moradores fiquem atentos \u00e0s orienta\u00e7\u00f5es dos agentes e os recebam, visto que a maioria dos focos est\u00e3o dentro das casas. Todos os servidores estar\u00e3o identificados e uniformizados.<\/div>\n<div><\/div>\n<div>No decorrer da visita,\u00a0<strong>sempre acompanhado pelo respons\u00e1vel do im\u00f3vel<\/strong>, o ACE deve orientar e avaliar as situa\u00e7\u00f5es de risco remanejando e\/ou eliminando os recipientes que possam acumular \u00e1gua e\/ou que n\u00e3o tenham utilidade. O agente dever\u00e1 tratar corretamente com larvicida aqueles recipientes que n\u00e3o puderem ser eliminados.\u00a0<strong>As visitas s\u00e3o feitas na parte externa e interna das resid\u00eancias.<\/strong><\/div>\n<div><\/div>\n<div>Para ajudar nos trabalhos, a PJF deixa algumas dicas: sempre verifique os ralos e cisterna, brom\u00e9lias, plantas aqu\u00e1ticas e troncos de \u00e1rvores no jardim. Retire os pratinhos das plantas, tampe os tambores com \u00e1gua de chuva. Verifique tamb\u00e9m os banheiros em desuso, as caixas d\u2019\u00e1gua e inspecione o quintal. Descarte o seu lixo corretamente. Mantenha a piscina sempre tratada, mesmo se estiver em desuso.<\/div>\n<p>&nbsp;<\/p>\n<div><strong>Rota dos agentes na pr\u00f3xima semana (11\/03 a 15\/03)<\/strong><\/div>\n<p>&nbsp;<\/p>\n<div><strong>Regi\u00e3o Norte<\/strong><\/p>\n<p>Santa Cruz<\/p><\/div>\n<p>S\u00e3o Judas Tadeu<\/p>\n<div><strong>Regi\u00e3o Leste<\/strong><\/p>\n<p>Santa C\u00e2ndida<\/p><\/div>\n<div>\nS\u00e3o Benedito<\/div>\n<p>&nbsp;<\/p>\n<div><strong>Regi\u00e3o Sul<\/strong><\/p>\n<p>Santa Luzia<\/p><\/div>\n<p>Ipiranga<\/p>\n<div><strong>Regi\u00e3o Sudeste<\/strong><\/div>\n<p>Vila Ozanan<\/p>\n<div><strong>Regi\u00e3o Oeste<\/strong><\/div>\n<p>Cai\u00e7aras I e II<\/p>\n<div>\n<\/div>\n<p><strong>Ferramenta de den\u00fancias<\/strong><\/p>\n<div>Al\u00e9m de participar ativamente na preven\u00e7\u00e3o contra as arboviroses, a popula\u00e7\u00e3o pode ajudar com den\u00fancias an\u00f4nimas sobre focos do\u00a0<em>Aedes aegypti<\/em>\u00a0em Juiz de Fora e regi\u00e3o. O sistema tem como finalidade mapear as informa\u00e7\u00f5es das doen\u00e7as causadas pelo mosquito: dengue, zika, febre amarela e chikungunya.<\/div>\n<p>&nbsp;<\/p>\n<div><a href=\"https:\/\/arbocontrol-form.vercel.app\/\"><strong>O JF Contra o Aedes pode ser acessado em qualquer navegador<\/strong><\/a>. Ele\u00a0 roda em todas as plataformas: smartphones, tablets, notebooks e computadores. \u00c9 um sistema em que as pessoas podem realizar den\u00fancias de locais de criadouros do mosquito.<\/div>\n<p>&nbsp;<\/p>\n<div>A popula\u00e7\u00e3o tamb\u00e9m pode auxiliar no combate por meio de den\u00fancias de poss\u00edveis focos, atrav\u00e9s do WhatsApp, pelo n\u00famero (32) 98432-4608, ou pelo e-mail\u00a0<strong>dengue@pjf.mg.gov.br.\u00a0<\/strong>Den\u00fancias tamb\u00e9m podem ser feitas em qualquer um dos 11 postos do Departamento de Informa\u00e7\u00e3o Geral e Atendimento (Diga) espalhados pelo munic\u00edpio.<\/div>\n","protected":false},"excerpt":{"rendered":"<p>Segundo informa\u00e7\u00f5es do site da Prefeitura de Juiz de Fora (PJF), seguindo com o trabalho di\u00e1rio de combate ao mosquito Aedes aegypti, a Prefeitura de Juiz de Fora (PJF), por meio dos Agentes de Combate \u00e0 Endemias (ACE), realiza, na pr\u00f3xima semana, dos dias 11 \u00e0 15 de mar\u00e7o, rotas de visitas e vistorias a [&hellip;]<\/p>\n","protected":false},"author":246,"featured_media":221581,"comment_status":"closed","ping_status":"closed","sticky":false,"template":"","format":"standard","meta":{"footnotes":""},"categories":[253,436,439],"tags":[],"class_list":["post-221580","post","type-post","status-publish","format-standard","has-post-thumbnail","hentry","category-cidade","category-destaque-da-semana","category-ultima-hora"],"_links":{"self":[{"href":"https:\/\/diarioregionaldigital.com.br\/index.php?rest_route=\/wp\/v2\/posts\/221580","targetHints":{"allow":["GET"]}}],"collection":[{"href":"https:\/\/diarioregionaldigital.com.br\/index.php?rest_route=\/wp\/v2\/posts"}],"about":[{"href":"https:\/\/diarioregionaldigital.com.br\/index.php?rest_route=\/wp\/v2\/types\/post"}],"author":[{"embeddable":true,"href":"https:\/\/diarioregionaldigital.com.br\/index.php?rest_route=\/wp\/v2\/users\/246"}],"replies":[{"embeddable":true,"href":"https:\/\/diarioregionaldigital.com.br\/index.php?rest_route=%2Fwp%2Fv2%2Fcomments&post=221580"}],"version-history":[{"count":1,"href":"https:\/\/diarioregionaldigital.com.br\/index.php?rest_route=\/wp\/v2\/posts\/221580\/revisions"}],"predecessor-version":[{"id":221582,"href":"https:\/\/diarioregionaldigital.com.br\/index.php?rest_route=\/wp\/v2\/posts\/221580\/revisions\/221582"}],"wp:featuredmedia":[{"embeddable":true,"href":"https:\/\/diarioregionaldigital.com.br\/index.php?rest_route=\/wp\/v2\/media\/221581"}],"wp:attachment":[{"href":"https:\/\/diarioregionaldigital.com.br\/index.php?rest_route=%2Fwp%2Fv2%2Fmedia&parent=221580"}],"wp:term":[{"taxonomy":"category","embeddable":true,"href":"https:\/\/diarioregionaldigital.com.br\/index.php?rest_route=%2Fwp%2Fv2%2Fcategories&post=221580"},{"taxonomy":"post_tag","embeddable":true,"href":"https:\/\/diarioregionaldigital.com.br\/index.php?rest_route=%2Fwp%2Fv2%2Ftags&post=221580"}],"curies":[{"name":"wp","href":"https:\/\/api.w.org\/{rel}","templated":true}]}}