{"id":221543,"date":"2024-03-08T07:49:06","date_gmt":"2024-03-08T10:49:06","guid":{"rendered":"https:\/\/diarioregionaldigital.com.br\/?p=221543"},"modified":"2024-03-08T09:28:13","modified_gmt":"2024-03-08T12:28:13","slug":"edital-de-convocacao-assembleia-geral-especial-08-03-2024","status":"publish","type":"post","link":"https:\/\/diarioregionaldigital.com.br\/?p=221543","title":{"rendered":"EDITAL DE CONVOCA\u00c7\u00c3O ASSEMBL\u00c9IA GERAL ESPECIAL &#8211; 08\/03\/2024"},"content":{"rendered":"<p style=\"text-align: center;\"><strong>EDITAL DE CONVOCA\u00c7\u00c3O ASSEMBL\u00c9IA GERAL ESPECIAL<\/strong><\/p>\n<p style=\"text-align: center;\">A COOPERATIVA DE TRABALHO DOS PROPAGANDISTAS, VENDEDORES DE PRODUTOS DA IND\u00daSTRIA FARMACEUTICA DE REGIAO SUDESTE DO ESTADO DE MG \u2013 COOPROJF, CNPJ:24.249.048\/0001-04 NIRE:31400056491, com sede na CIDADE JUIZ DE FORA \u2013 MG, na RUA INACIO GAMA, N\u00ba 757 GALP\u00c3O 101 N.S DE LOURDES, MG, CEP: 36070-420, atrav\u00e9s de seu Presidente, convoca todos os seus s\u00f3cios cooperados para participarem da Assembleia Geral Especial, a se realizar no dia 23 de Mar\u00e7o de 2024 em sua sede, iniciando \u00e0s 08h em 1\u00aa chamada com 2\/3 (dois ter\u00e7os) do n\u00famero de s\u00f3cios se houver qu\u00f3rum, ou 2\u00aa chamada \u00e0s 08:30h com a metade mais 01 dos s\u00f3cios, se houver qu\u00f3rum, ou 3\u00aa chamada \u00e0s 9h com no m\u00ednimo 4 (quatro) s\u00f3cios. A fim de deliberarem sobre a seguinte ORDEM DO DIA:<\/p>\n<ol style=\"text-align: center;\">\n<li>Elei\u00e7\u00e3o do Conselho de Administra\u00e7\u00e3o e do Conselho Fiscal de sua COOPERATIVA DE TRABALHO DOS PROPAGANDISTAS, VENDEDORES DE PRODUTOS DA IND\u00daSTRIA FARMACEUTICA DE REGIAO SUDESTE DO ESTADO DE MG &#8211; COOPROJF<\/li>\n<li>Atualiza\u00e7\u00e3o do estatuto social;<\/li>\n<li>Gest\u00e3o da Cooperativa em 2024<\/li>\n<li>Planejamento para 2024<\/li>\n<li>Outros assuntos de interesse social<\/li>\n<\/ol>\n<p style=\"text-align: center;\">Juiz de Fora &#8211; MG, 08 de Mar\u00e7o de 2024.<\/p>\n<p style=\"text-align: center;\">IAN FELIPE DE PAULA SOUZA<\/p>\n<p style=\"text-align: center;\">Presidente<\/p>\n","protected":false},"excerpt":{"rendered":"<p>EDITAL DE CONVOCA\u00c7\u00c3O ASSEMBL\u00c9IA GERAL ESPECIAL A COOPERATIVA DE TRABALHO DOS PROPAGANDISTAS, VENDEDORES DE PRODUTOS DA IND\u00daSTRIA FARMACEUTICA DE REGIAO SUDESTE DO ESTADO DE MG \u2013 COOPROJF, CNPJ:24.249.048\/0001-04 NIRE:31400056491, com sede na CIDADE JUIZ DE FORA \u2013 MG, na RUA INACIO GAMA, N\u00ba 757 GALP\u00c3O 101 N.S DE LOURDES, MG, CEP: 36070-420, atrav\u00e9s de seu [&hellip;]<\/p>\n","protected":false},"author":246,"featured_media":0,"comment_status":"closed","ping_status":"closed","sticky":false,"template":"","format":"standard","meta":{"footnotes":""},"categories":[307],"tags":[],"class_list":["post-221543","post","type-post","status-publish","format-standard","hentry","category-editais"],"_links":{"self":[{"href":"https:\/\/diarioregionaldigital.com.br\/index.php?rest_route=\/wp\/v2\/posts\/221543","targetHints":{"allow":["GET"]}}],"collection":[{"href":"https:\/\/diarioregionaldigital.com.br\/index.php?rest_route=\/wp\/v2\/posts"}],"about":[{"href":"https:\/\/diarioregionaldigital.com.br\/index.php?rest_route=\/wp\/v2\/types\/post"}],"author":[{"embeddable":true,"href":"https:\/\/diarioregionaldigital.com.br\/index.php?rest_route=\/wp\/v2\/users\/246"}],"replies":[{"embeddable":true,"href":"https:\/\/diarioregionaldigital.com.br\/index.php?rest_route=%2Fwp%2Fv2%2Fcomments&post=221543"}],"version-history":[{"count":2,"href":"https:\/\/diarioregionaldigital.com.br\/index.php?rest_route=\/wp\/v2\/posts\/221543\/revisions"}],"predecessor-version":[{"id":221547,"href":"https:\/\/diarioregionaldigital.com.br\/index.php?rest_route=\/wp\/v2\/posts\/221543\/revisions\/221547"}],"wp:attachment":[{"href":"https:\/\/diarioregionaldigital.com.br\/index.php?rest_route=%2Fwp%2Fv2%2Fmedia&parent=221543"}],"wp:term":[{"taxonomy":"category","embeddable":true,"href":"https:\/\/diarioregionaldigital.com.br\/index.php?rest_route=%2Fwp%2Fv2%2Fcategories&post=221543"},{"taxonomy":"post_tag","embeddable":true,"href":"https:\/\/diarioregionaldigital.com.br\/index.php?rest_route=%2Fwp%2Fv2%2Ftags&post=221543"}],"curies":[{"name":"wp","href":"https:\/\/api.w.org\/{rel}","templated":true}]}}