{"id":221539,"date":"2024-03-07T19:47:23","date_gmt":"2024-03-07T22:47:23","guid":{"rendered":"https:\/\/diarioregionaldigital.com.br\/?p=221539"},"modified":"2024-03-07T19:47:23","modified_gmt":"2024-03-07T22:47:23","slug":"extrato-de-contrato-08-03-2024","status":"publish","type":"post","link":"https:\/\/diarioregionaldigital.com.br\/?p=221539","title":{"rendered":"EXTRATO DE CONTRATO &#8211; 08\/03\/2024"},"content":{"rendered":"<p style=\"text-align: center;\">EXTRATO DE CONTRATO<\/p>\n<p style=\"text-align: center;\">VALOR RETIFICADO<\/p>\n<p style=\"text-align: center;\">\n<p style=\"text-align: center;\">Pref. Municipal de Descoberto x HM Inform\u00e1tica &#8211; \u00a0Objeto: Aquisi\u00e7\u00e3o de equipamentos mobili\u00e1rio de servi\u00e7o, destinados a equipar o Departamento de Sa\u00fade &#8211; \u00a0Fundamento: Preg\u00e3o \u00a0n\u00ba 001\/2024 &#8211; Valor Global: R$17.678,00- Vig\u00eancia: 12 meses &#8211;\u00a0 Dot or\u00e7: 02.02005.10.301.0004.1097.000171.449052.00- \u00a0\u00a0Ass: 01\/03\/2024 &#8211; Foro: S\u00e3o Jo\u00e3o Nepomuceno\/MG.<\/p>\n<p style=\"text-align: center;\">\n<p style=\"text-align: center;\">Marcos de Ara\u00fajo Lima<\/p>\n<p style=\"text-align: center;\">Prefeito Municipal<\/p>\n<p style=\"text-align: center;\">\n","protected":false},"excerpt":{"rendered":"<p>EXTRATO DE CONTRATO VALOR RETIFICADO Pref. Municipal de Descoberto x HM Inform\u00e1tica &#8211; \u00a0Objeto: Aquisi\u00e7\u00e3o de equipamentos mobili\u00e1rio de servi\u00e7o, destinados a equipar o Departamento de Sa\u00fade &#8211; \u00a0Fundamento: Preg\u00e3o \u00a0n\u00ba 001\/2024 &#8211; Valor Global: R$17.678,00- Vig\u00eancia: 12 meses &#8211;\u00a0 Dot or\u00e7: 02.02005.10.301.0004.1097.000171.449052.00- \u00a0\u00a0Ass: 01\/03\/2024 &#8211; Foro: S\u00e3o Jo\u00e3o Nepomuceno\/MG. Marcos de Ara\u00fajo Lima Prefeito [&hellip;]<\/p>\n","protected":false},"author":246,"featured_media":0,"comment_status":"closed","ping_status":"closed","sticky":false,"template":"","format":"standard","meta":{"footnotes":""},"categories":[307],"tags":[],"class_list":["post-221539","post","type-post","status-publish","format-standard","hentry","category-editais"],"_links":{"self":[{"href":"https:\/\/diarioregionaldigital.com.br\/index.php?rest_route=\/wp\/v2\/posts\/221539","targetHints":{"allow":["GET"]}}],"collection":[{"href":"https:\/\/diarioregionaldigital.com.br\/index.php?rest_route=\/wp\/v2\/posts"}],"about":[{"href":"https:\/\/diarioregionaldigital.com.br\/index.php?rest_route=\/wp\/v2\/types\/post"}],"author":[{"embeddable":true,"href":"https:\/\/diarioregionaldigital.com.br\/index.php?rest_route=\/wp\/v2\/users\/246"}],"replies":[{"embeddable":true,"href":"https:\/\/diarioregionaldigital.com.br\/index.php?rest_route=%2Fwp%2Fv2%2Fcomments&post=221539"}],"version-history":[{"count":1,"href":"https:\/\/diarioregionaldigital.com.br\/index.php?rest_route=\/wp\/v2\/posts\/221539\/revisions"}],"predecessor-version":[{"id":221540,"href":"https:\/\/diarioregionaldigital.com.br\/index.php?rest_route=\/wp\/v2\/posts\/221539\/revisions\/221540"}],"wp:attachment":[{"href":"https:\/\/diarioregionaldigital.com.br\/index.php?rest_route=%2Fwp%2Fv2%2Fmedia&parent=221539"}],"wp:term":[{"taxonomy":"category","embeddable":true,"href":"https:\/\/diarioregionaldigital.com.br\/index.php?rest_route=%2Fwp%2Fv2%2Fcategories&post=221539"},{"taxonomy":"post_tag","embeddable":true,"href":"https:\/\/diarioregionaldigital.com.br\/index.php?rest_route=%2Fwp%2Fv2%2Ftags&post=221539"}],"curies":[{"name":"wp","href":"https:\/\/api.w.org\/{rel}","templated":true}]}}