{"id":221537,"date":"2024-03-07T19:46:17","date_gmt":"2024-03-07T22:46:17","guid":{"rendered":"https:\/\/diarioregionaldigital.com.br\/?p=221537"},"modified":"2024-03-07T19:46:17","modified_gmt":"2024-03-07T22:46:17","slug":"processo-no-019-2024-08-03-2024","status":"publish","type":"post","link":"https:\/\/diarioregionaldigital.com.br\/?p=221537","title":{"rendered":"PROCESSO N\u00ba 019\/2024 &#8211; 08\/03\/2024"},"content":{"rendered":"<p style=\"text-align: center;\"><strong>PROCESSO N\u00ba 019\/2024<\/strong><\/p>\n<p style=\"text-align: center;\"><strong>AVISO DE DISPENSA PRESENCIAL N\u00ba 005\/2024<\/strong><\/p>\n<p style=\"text-align: center;\"><strong>CONTRATANTE: <\/strong>Prefeitura Municipal de Descoberto \u2013 MG. <strong>OBJETO<\/strong>: A presente contrata\u00e7\u00e3o direta \u00a0tem por objeto a contrata\u00e7\u00e3o de empresa para venda de Motosserra \u00a0para o setor de Obras da Prefeitura Municipal de Descoberto. <strong>VALOR TOTAL ESTIMADO DA CONTRATA\u00c7\u00c3O: <\/strong>R$ 8.566,66 \u00a0(oito mil, quinhentos e sessenta e seis reais e sessenta e seis \u00a0centavos). <strong><em><br \/>\n<\/em><\/strong><strong>DATA DE ENTREGA DAS PROPOSTAS: <\/strong>14\/03\/2024 13:30 horas<\/p>\n<p style=\"text-align: center;\"><strong>DATA DA SESS\u00c3O DE LANCES: <\/strong>14\/03\/2024 \u2013 13:30 horas<\/p>\n<p style=\"text-align: center;\"><strong>LOCAL DA ENTREGA DAS PROPOSTAS E DA SESS\u00c3O DE LANCES: <\/strong>Sala de Licita\u00e7\u00f5es da Prefeitura, estabelecida na rua Capit\u00e3o Bas\u00edlio, n\u00ba 39 \u2013 Centro, Descoberto-MG.<\/p>\n<p style=\"text-align: center;\"><strong>LINK PARA ACESSO AO AVISO DE CONTRATA\u00c7\u00c3O: <\/strong>http:\/\/www.descoberto.mg.gov.br\/<\/p>\n<p style=\"text-align: center;\"><strong>PREFER\u00caNCIA ME\/EPP\/EQUIPARADAS: <\/strong>SIM<\/p>\n<p style=\"text-align: center;\">\n<p style=\"text-align: center;\">Descoberto, 08 de Mar\u00e7o de 2024.<\/p>\n<p style=\"text-align: center;\">_______________________________________<\/p>\n<p style=\"text-align: center;\"><strong>Marcos de Ara\u00fajo Lima <\/strong><\/p>\n<p style=\"text-align: center;\">Prefeito Municipal<\/p>\n","protected":false},"excerpt":{"rendered":"<p>PROCESSO N\u00ba 019\/2024 AVISO DE DISPENSA PRESENCIAL N\u00ba 005\/2024 CONTRATANTE: Prefeitura Municipal de Descoberto \u2013 MG. OBJETO: A presente contrata\u00e7\u00e3o direta \u00a0tem por objeto a contrata\u00e7\u00e3o de empresa para venda de Motosserra \u00a0para o setor de Obras da Prefeitura Municipal de Descoberto. VALOR TOTAL ESTIMADO DA CONTRATA\u00c7\u00c3O: R$ 8.566,66 \u00a0(oito mil, quinhentos e sessenta e [&hellip;]<\/p>\n","protected":false},"author":246,"featured_media":0,"comment_status":"closed","ping_status":"closed","sticky":false,"template":"","format":"standard","meta":{"footnotes":""},"categories":[307],"tags":[],"class_list":["post-221537","post","type-post","status-publish","format-standard","hentry","category-editais"],"_links":{"self":[{"href":"https:\/\/diarioregionaldigital.com.br\/index.php?rest_route=\/wp\/v2\/posts\/221537","targetHints":{"allow":["GET"]}}],"collection":[{"href":"https:\/\/diarioregionaldigital.com.br\/index.php?rest_route=\/wp\/v2\/posts"}],"about":[{"href":"https:\/\/diarioregionaldigital.com.br\/index.php?rest_route=\/wp\/v2\/types\/post"}],"author":[{"embeddable":true,"href":"https:\/\/diarioregionaldigital.com.br\/index.php?rest_route=\/wp\/v2\/users\/246"}],"replies":[{"embeddable":true,"href":"https:\/\/diarioregionaldigital.com.br\/index.php?rest_route=%2Fwp%2Fv2%2Fcomments&post=221537"}],"version-history":[{"count":1,"href":"https:\/\/diarioregionaldigital.com.br\/index.php?rest_route=\/wp\/v2\/posts\/221537\/revisions"}],"predecessor-version":[{"id":221538,"href":"https:\/\/diarioregionaldigital.com.br\/index.php?rest_route=\/wp\/v2\/posts\/221537\/revisions\/221538"}],"wp:attachment":[{"href":"https:\/\/diarioregionaldigital.com.br\/index.php?rest_route=%2Fwp%2Fv2%2Fmedia&parent=221537"}],"wp:term":[{"taxonomy":"category","embeddable":true,"href":"https:\/\/diarioregionaldigital.com.br\/index.php?rest_route=%2Fwp%2Fv2%2Fcategories&post=221537"},{"taxonomy":"post_tag","embeddable":true,"href":"https:\/\/diarioregionaldigital.com.br\/index.php?rest_route=%2Fwp%2Fv2%2Ftags&post=221537"}],"curies":[{"name":"wp","href":"https:\/\/api.w.org\/{rel}","templated":true}]}}