{"id":221531,"date":"2024-03-07T19:43:33","date_gmt":"2024-03-07T22:43:33","guid":{"rendered":"https:\/\/diarioregionaldigital.com.br\/?p=221531"},"modified":"2024-03-07T19:43:33","modified_gmt":"2024-03-07T22:43:33","slug":"volei-de-praia-duda-e-ana-patricia-garantem-vaga-nos-jogos-de-paris","status":"publish","type":"post","link":"https:\/\/diarioregionaldigital.com.br\/?p=221531","title":{"rendered":"V\u00f4lei de praia: Duda e Ana Patr\u00edcia garantem vaga nos Jogos de Paris"},"content":{"rendered":"<p>Duda e Ana Patr\u00edcia garantiram a classifica\u00e7\u00e3o para a disputa do torneio de v\u00f4lei de praia da pr\u00f3xima edi\u00e7\u00e3o dos Jogos Ol\u00edmpicos, que ser\u00e3o disputados a partir do dia 26 de julho em Paris (Fran\u00e7a). A vaga foi confirmada ap\u00f3s a dupla, que lidera o ranking mundial da modalidade, alcan\u00e7ar, nesta quinta-feira (7), as quartas de final da etapa de Doha (Catar) do Circuito Mundial.<img decoding=\"async\" src=\"https:\/\/agenciabrasil.ebc.com.br\/ebc.png?id=1584756&amp;o=node\" \/><img decoding=\"async\" src=\"https:\/\/agenciabrasil.ebc.com.br\/ebc.gif?id=1584756&amp;o=node\" \/><\/p>\n<p>Para avan\u00e7arem na competi\u00e7\u00e3o disputada no Catar as brasileiras superaram as su\u00ed\u00e7as Anouk Verg\u00e9-Depr\u00e9 e Joana M\u00e4der por 2 sets a 1 (parciais de 15\/21, 21\/15 e 15\/8).<\/p>\n<p>O Brasil ainda busca mais vagas para a competi\u00e7\u00e3o ol\u00edmpica de v\u00f4lei de praia. Para o naipe masculino as duplas formadas por Evandro e Arthur e por Jorge e Andr\u00e9 ainda luta pela classifica\u00e7\u00e3o. J\u00e1 entre as mulheres a equipe brasileira ainda pode contar com \u00c1gata e Rebeca, Tain\u00e1 e Victoria e Carol e B\u00e1rbara.<\/p>\n<p>At\u00e9 o momento a delega\u00e7\u00e3o brasileira nos Jogos de Paris conta com 162 representantes em 29 modalidades.<\/p>\n<p>Fonte: Ag\u00eancia Brasil<\/p>\n","protected":false},"excerpt":{"rendered":"<p>Duda e Ana Patr\u00edcia garantiram a classifica\u00e7\u00e3o para a disputa do torneio de v\u00f4lei de praia da pr\u00f3xima edi\u00e7\u00e3o dos Jogos Ol\u00edmpicos, que ser\u00e3o disputados a partir do dia 26 de julho em Paris (Fran\u00e7a). A vaga foi confirmada ap\u00f3s a dupla, que lidera o ranking mundial da modalidade, alcan\u00e7ar, nesta quinta-feira (7), as quartas [&hellip;]<\/p>\n","protected":false},"author":246,"featured_media":221532,"comment_status":"closed","ping_status":"closed","sticky":false,"template":"","format":"standard","meta":{"footnotes":""},"categories":[436,440,257,439],"tags":[],"class_list":["post-221531","post","type-post","status-publish","format-standard","has-post-thumbnail","hentry","category-destaque-da-semana","category-destaques-do-dia","category-esporte","category-ultima-hora"],"_links":{"self":[{"href":"https:\/\/diarioregionaldigital.com.br\/index.php?rest_route=\/wp\/v2\/posts\/221531","targetHints":{"allow":["GET"]}}],"collection":[{"href":"https:\/\/diarioregionaldigital.com.br\/index.php?rest_route=\/wp\/v2\/posts"}],"about":[{"href":"https:\/\/diarioregionaldigital.com.br\/index.php?rest_route=\/wp\/v2\/types\/post"}],"author":[{"embeddable":true,"href":"https:\/\/diarioregionaldigital.com.br\/index.php?rest_route=\/wp\/v2\/users\/246"}],"replies":[{"embeddable":true,"href":"https:\/\/diarioregionaldigital.com.br\/index.php?rest_route=%2Fwp%2Fv2%2Fcomments&post=221531"}],"version-history":[{"count":1,"href":"https:\/\/diarioregionaldigital.com.br\/index.php?rest_route=\/wp\/v2\/posts\/221531\/revisions"}],"predecessor-version":[{"id":221533,"href":"https:\/\/diarioregionaldigital.com.br\/index.php?rest_route=\/wp\/v2\/posts\/221531\/revisions\/221533"}],"wp:featuredmedia":[{"embeddable":true,"href":"https:\/\/diarioregionaldigital.com.br\/index.php?rest_route=\/wp\/v2\/media\/221532"}],"wp:attachment":[{"href":"https:\/\/diarioregionaldigital.com.br\/index.php?rest_route=%2Fwp%2Fv2%2Fmedia&parent=221531"}],"wp:term":[{"taxonomy":"category","embeddable":true,"href":"https:\/\/diarioregionaldigital.com.br\/index.php?rest_route=%2Fwp%2Fv2%2Fcategories&post=221531"},{"taxonomy":"post_tag","embeddable":true,"href":"https:\/\/diarioregionaldigital.com.br\/index.php?rest_route=%2Fwp%2Fv2%2Ftags&post=221531"}],"curies":[{"name":"wp","href":"https:\/\/api.w.org\/{rel}","templated":true}]}}