{"id":221523,"date":"2024-03-07T19:10:49","date_gmt":"2024-03-07T22:10:49","guid":{"rendered":"https:\/\/diarioregionaldigital.com.br\/?p=221523"},"modified":"2024-03-07T19:10:49","modified_gmt":"2024-03-07T22:10:49","slug":"edital-de-convocacao-de-assembleia-geral-extraordinaria-07-03-2024","status":"publish","type":"post","link":"https:\/\/diarioregionaldigital.com.br\/?p=221523","title":{"rendered":"EDITAL DE CONVOCA\u00c7\u00c3O DE ASSEMBLEIA GERAL EXTRAORDIN\u00c1RIA &#8211; 07\/03\/2024"},"content":{"rendered":"<p style=\"text-align: center;\">EDITAL DE CONVOCA\u00c7\u00c3O DE ASSEMBLEIA GERAL EXTRAORDIN\u00c1RIA<br \/>\nCOOPERATIVA DE TRANSPORTE DE CARGA DA ZONA DA MATA DE MINAS GERAIS-COOPERMATA-MG,CNPJ:33.960.126\/0001-67- IE: 003472528.00-62.<\/p>\n<p>Conforme autoriza a Legisla\u00e7\u00e3o e o Estatuto Social da COOPERATIVA DE TRANSPORTE DE CARGA DA ZONA DA MATA DE MINAS GERAIS, CNPJ:33.960.126\/0001-67, convoca os senhores cooperados para se reunirem em Assembleia Geral Extraordin\u00e1ria que se realizar\u00e1 \u00e0 Rua Henrique Burnier, 333, sala 301, Mariano Proc\u00f3pio, Juiz de Fora- MG, no dia 24 de mar\u00e7o de 2024, em primeira convoca\u00e7\u00e3o \u00e0s 8:00 horas, com a presen\u00e7a de 2\/3 dos cooperados, em segunda convoca\u00e7\u00e3o \u00e0s 8:30 horas, no mesmo dia e local e em terceira e \u00faltima convoca\u00e7\u00e3o, \u00e0s 9:00 horas, com a presen\u00e7a de qualquer n\u00famero de cooperados, a fim de deliberarem sobre a seguinte ORDEM DO DIA:<\/p>\n<p>I \u2013 Dissolu\u00e7\u00e3o da cooperativa, uma vez que ocorreu o previsto no artigo 65 II e III do estatuto;II \u2013Presta\u00e7\u00e3o de contas; III\u2013 Liquida\u00e7\u00e3o\u2013 IV- Outros assuntos de interesse social. Juiz de Fora, 07\/03\/2024.<\/p>\n<p>Geraldo Henrique Barreto de Oliveira-vice-presidente e Rom\u00e1rio da Silva Moraes-Diretor-financeiro.<\/p>\n","protected":false},"excerpt":{"rendered":"<p>EDITAL DE CONVOCA\u00c7\u00c3O DE ASSEMBLEIA GERAL EXTRAORDIN\u00c1RIA COOPERATIVA DE TRANSPORTE DE CARGA DA ZONA DA MATA DE MINAS GERAIS-COOPERMATA-MG,CNPJ:33.960.126\/0001-67- IE: 003472528.00-62. Conforme autoriza a Legisla\u00e7\u00e3o e o Estatuto Social da COOPERATIVA DE TRANSPORTE DE CARGA DA ZONA DA MATA DE MINAS GERAIS, CNPJ:33.960.126\/0001-67, convoca os senhores cooperados para se reunirem em Assembleia Geral Extraordin\u00e1ria que [&hellip;]<\/p>\n","protected":false},"author":246,"featured_media":0,"comment_status":"closed","ping_status":"closed","sticky":false,"template":"","format":"standard","meta":{"footnotes":""},"categories":[307],"tags":[],"class_list":["post-221523","post","type-post","status-publish","format-standard","hentry","category-editais"],"_links":{"self":[{"href":"https:\/\/diarioregionaldigital.com.br\/index.php?rest_route=\/wp\/v2\/posts\/221523","targetHints":{"allow":["GET"]}}],"collection":[{"href":"https:\/\/diarioregionaldigital.com.br\/index.php?rest_route=\/wp\/v2\/posts"}],"about":[{"href":"https:\/\/diarioregionaldigital.com.br\/index.php?rest_route=\/wp\/v2\/types\/post"}],"author":[{"embeddable":true,"href":"https:\/\/diarioregionaldigital.com.br\/index.php?rest_route=\/wp\/v2\/users\/246"}],"replies":[{"embeddable":true,"href":"https:\/\/diarioregionaldigital.com.br\/index.php?rest_route=%2Fwp%2Fv2%2Fcomments&post=221523"}],"version-history":[{"count":1,"href":"https:\/\/diarioregionaldigital.com.br\/index.php?rest_route=\/wp\/v2\/posts\/221523\/revisions"}],"predecessor-version":[{"id":221524,"href":"https:\/\/diarioregionaldigital.com.br\/index.php?rest_route=\/wp\/v2\/posts\/221523\/revisions\/221524"}],"wp:attachment":[{"href":"https:\/\/diarioregionaldigital.com.br\/index.php?rest_route=%2Fwp%2Fv2%2Fmedia&parent=221523"}],"wp:term":[{"taxonomy":"category","embeddable":true,"href":"https:\/\/diarioregionaldigital.com.br\/index.php?rest_route=%2Fwp%2Fv2%2Fcategories&post=221523"},{"taxonomy":"post_tag","embeddable":true,"href":"https:\/\/diarioregionaldigital.com.br\/index.php?rest_route=%2Fwp%2Fv2%2Ftags&post=221523"}],"curies":[{"name":"wp","href":"https:\/\/api.w.org\/{rel}","templated":true}]}}