{"id":221511,"date":"2024-03-06T20:57:03","date_gmt":"2024-03-06T23:57:03","guid":{"rendered":"https:\/\/diarioregionaldigital.com.br\/?p=221511"},"modified":"2024-03-06T20:57:03","modified_gmt":"2024-03-06T23:57:03","slug":"ampliacao-do-horario-gera-aumento-de-3266-nos-servicos-de-saude-realizados-nas-38-ubss-na-primeira-semana","status":"publish","type":"post","link":"https:\/\/diarioregionaldigital.com.br\/?p=221511","title":{"rendered":"Amplia\u00e7\u00e3o do hor\u00e1rio gera aumento de 32,66% nos servi\u00e7os de sa\u00fade realizados nas 38 UBSs na primeira semana"},"content":{"rendered":"<p>Segundo informa\u00e7\u00f5es do site da Prefeitura de Juiz de Fora (PJF), s\u00f3 na primeira semana do funcionamento estendido das Unidades B\u00e1sicas de Sa\u00fade (UBS), da Prefeitura de Juiz de Fora (PJF), foram realizados 26.759 servi\u00e7os, entre atendimentos, procedimentos diversos e vacina\u00e7\u00e3o, um aumento de 32,66% no n\u00famero de presta\u00e7\u00e3o de servi\u00e7os nas 38 UBSs, em rela\u00e7\u00e3o \u00e0 semana anterior ao Carnaval, com 20.171 servi\u00e7os.<\/p>\n<p>&nbsp;<\/p>\n<p>\u201cPela primeira vez, n\u00f3s abrimos as UBS\u2019s no s\u00e1bado de manh\u00e3 para o trabalho regular das UBSs. J\u00e1 fizemos isso em situa\u00e7\u00f5es excepcionais, de vacina\u00e7\u00e3o, mas para fazer o trabalho que \u00e9 feito durante os dias de semana \u00e9 a primeira vez. Isso decorre do grande processo de amplia\u00e7\u00e3o das equipes do Programa de Sa\u00fade da Fam\u00edlia, em n\u00famero de 67 novas equipes, que recebemos do Governo Federal. Uma grande conquista que esperamos, inclusive, ampliar al\u00e9m das trinta e quatro UBSs que est\u00e3o funcionando nesse regime hoje, garantindo o direito de acesso \u00e0 sa\u00fade ao cidad\u00e3o de Juiz de Fora. Um compromisso priorit\u00e1rio e que estamos, nesse momento, implementando&#8221;, destacou a prefeita Margarida Salom\u00e3o.<\/p>\n<p>&nbsp;<\/p>\n<p>Nas 34 UBS\u2019s com funcionamento de segunda a sexta, das 7h \u00e0s 19h, e aos s\u00e1bados, das 7h \u00e0s 12h, entre os dias 26 de fevereiro a 2 de mar\u00e7o,\u00a0<strong>25.166 servi\u00e7os foram oferecidos<\/strong>, sendo 10.188 consultas e atendimentos, 13.792 procedimentos, como troca de curativos e aferi\u00e7\u00e3o de press\u00e3o, e aplica\u00e7\u00e3o de 1.186 vacinas diversas.<\/p>\n<p>&nbsp;<\/p>\n<p>Nas quatro UBS\u2019s com atendimento sem interrup\u00e7\u00e3o, de segunda a sexta, das 7h \u00e0s 17h, entre os dias 26 de fevereiro a 1\u00ba de mar\u00e7o,\u00a0<strong>foram realizados 1.593 servi\u00e7os<\/strong>. Destes, 676 foram atendimentos, 861 procedimentos e 56 vacinas aplicadas.<\/p>\n<p>&nbsp;<\/p>\n<p>Na semana anterior ao Carnaval, dos dias 5 a 9 de fevereiro, antes da amplia\u00e7\u00e3o, as 34 unidades realizaram 19.172 servi\u00e7os diversos. No mesmo per\u00edodo, as quatro unidades com atendimento estendido ofereceram 999 servi\u00e7os diversos.<\/p>\n<p>&nbsp;<\/p>\n<p>Segundo o subsecret\u00e1rio de Aten\u00e7\u00e3o \u00e0 Sa\u00fade, Alfeu Gomes de Oliveira J\u00fanior, &#8220;a amplia\u00e7\u00e3o nos hor\u00e1rios de atendimento das UBSs que pertencem \u00e0 Estrat\u00e9gia de Sa\u00fade da Fam\u00edlia traz para n\u00f3s, em uma primeira semana de avalia\u00e7\u00e3o, n\u00fameros muito significativos. Uma resposta favor\u00e1vel ao que se pretende alcan\u00e7ar. O objetivo final de conseguirmos a amplia\u00e7\u00e3o desses hor\u00e1rios \u00e9 melhorar o estado de sa\u00fade das pessoas que ali s\u00e3o atendidas, n\u00e3o apenas com consultas m\u00e9dicas, mas tamb\u00e9m com as a\u00e7\u00f5es envolvendo a promo\u00e7\u00e3o e a prote\u00e7\u00e3o \u00e0 sa\u00fade. O objetivo maior \u00e9 trazer uma melhoria quantitativa e qualitativa no atendimento \u00e0 sa\u00fade dessa popula\u00e7\u00e3o&#8221;.<\/p>\n<p>&nbsp;<\/p>\n<p>A amplia\u00e7\u00e3o foi poss\u00edvel gra\u00e7as \u00e0\u00a0<a href=\"https:\/\/www.pjf.mg.gov.br\/noticias\/view.php?modo=link2&amp;idnoticia2=82797\"><strong>contrata\u00e7\u00e3o de 201 novos servidores da Estrat\u00e9gia Sa\u00fade da Fam\u00edlia<\/strong><\/a>, que comp\u00f5em\u00a0 67 novas equipes do programa. A cidade ainda receber\u00e1 outras equipes, conforme anunciado\u00a0<a href=\"https:\/\/www.pjf.mg.gov.br\/noticias\/view.php?modo=link2&amp;idnoticia2=81213\"><strong>conjuntamente com o Minist\u00e9rio da Sa\u00fade (MS)<\/strong><\/a>\u00a0do Governo Federal<\/p>\n<p>&nbsp;<\/p>\n<p><strong>34 UBS\u2019s com funcionamento estendido de segunda a sexta, das 7h \u00e0s 19h, e aos s\u00e1bados, das 7h \u00e0s 12h:<\/strong><\/p>\n<p>Alto Graja\u00fa<\/p>\n<p>Bairro Industrial<\/p>\n<p>Bandeirantes<\/p>\n<p>Cidade do Sol<\/p>\n<p>Filgueiras<\/p>\n<p>Furtado de Menezes<\/p>\n<p>Granjas Beth\u00e2nia<\/p>\n<p>Jardim Esperan\u00e7a<\/p>\n<p>Jardim Natal<\/p>\n<p>J\u00f3quei Clube I<\/p>\n<p>J\u00f3quei Clube II<\/p>\n<p>Linhares<\/p>\n<p>Marumbi<\/p>\n<p>Milho Branco<\/p>\n<p>Monte Castelo<\/p>\n<p>Nossa Senhora Aparecida<\/p>\n<p>Nova Era<\/p>\n<p>Progresso<\/p>\n<p>Retiro<\/p>\n<p>Santa Cec\u00edlia<\/p>\n<p>Santa Cruz<\/p>\n<p>Santa Efig\u00eania<\/p>\n<p>Santa Luzia<\/p>\n<p>Santa Rita<\/p>\n<p>Santo Ant\u00f4nio<\/p>\n<p>Santos Dumont<\/p>\n<p>S\u00e3o Benedito<\/p>\n<p>S\u00e3o Judas Tadeu<\/p>\n<p>S\u00e3o Pedro<\/p>\n<p>S\u00e3o Sebasti\u00e3o<\/p>\n<p>Teixeiras<\/p>\n<p>Vale Verde<\/p>\n<p>Vila Esperan\u00e7a<\/p>\n<p>Vila Ideal<\/p>\n<p><strong>4 UBS\u2019s com atendimento ininterrupto, de segunda a sexta, das 7h \u00e0s 17h:<\/strong><\/p>\n<p>Barreira do Triunfo<\/p>\n<p>Jardim da Lua<\/p>\n<p>Parque Guarani<\/p>\n<p>Vila Olavo Costa<\/p>\n","protected":false},"excerpt":{"rendered":"<p>Segundo informa\u00e7\u00f5es do site da Prefeitura de Juiz de Fora (PJF), s\u00f3 na primeira semana do funcionamento estendido das Unidades B\u00e1sicas de Sa\u00fade (UBS), da Prefeitura de Juiz de Fora (PJF), foram realizados 26.759 servi\u00e7os, entre atendimentos, procedimentos diversos e vacina\u00e7\u00e3o, um aumento de 32,66% no n\u00famero de presta\u00e7\u00e3o de servi\u00e7os nas 38 UBSs, em [&hellip;]<\/p>\n","protected":false},"author":246,"featured_media":221512,"comment_status":"closed","ping_status":"closed","sticky":false,"template":"","format":"standard","meta":{"footnotes":""},"categories":[253,436,439],"tags":[],"class_list":["post-221511","post","type-post","status-publish","format-standard","has-post-thumbnail","hentry","category-cidade","category-destaque-da-semana","category-ultima-hora"],"_links":{"self":[{"href":"https:\/\/diarioregionaldigital.com.br\/index.php?rest_route=\/wp\/v2\/posts\/221511","targetHints":{"allow":["GET"]}}],"collection":[{"href":"https:\/\/diarioregionaldigital.com.br\/index.php?rest_route=\/wp\/v2\/posts"}],"about":[{"href":"https:\/\/diarioregionaldigital.com.br\/index.php?rest_route=\/wp\/v2\/types\/post"}],"author":[{"embeddable":true,"href":"https:\/\/diarioregionaldigital.com.br\/index.php?rest_route=\/wp\/v2\/users\/246"}],"replies":[{"embeddable":true,"href":"https:\/\/diarioregionaldigital.com.br\/index.php?rest_route=%2Fwp%2Fv2%2Fcomments&post=221511"}],"version-history":[{"count":1,"href":"https:\/\/diarioregionaldigital.com.br\/index.php?rest_route=\/wp\/v2\/posts\/221511\/revisions"}],"predecessor-version":[{"id":221513,"href":"https:\/\/diarioregionaldigital.com.br\/index.php?rest_route=\/wp\/v2\/posts\/221511\/revisions\/221513"}],"wp:featuredmedia":[{"embeddable":true,"href":"https:\/\/diarioregionaldigital.com.br\/index.php?rest_route=\/wp\/v2\/media\/221512"}],"wp:attachment":[{"href":"https:\/\/diarioregionaldigital.com.br\/index.php?rest_route=%2Fwp%2Fv2%2Fmedia&parent=221511"}],"wp:term":[{"taxonomy":"category","embeddable":true,"href":"https:\/\/diarioregionaldigital.com.br\/index.php?rest_route=%2Fwp%2Fv2%2Fcategories&post=221511"},{"taxonomy":"post_tag","embeddable":true,"href":"https:\/\/diarioregionaldigital.com.br\/index.php?rest_route=%2Fwp%2Fv2%2Ftags&post=221511"}],"curies":[{"name":"wp","href":"https:\/\/api.w.org\/{rel}","templated":true}]}}