{"id":221508,"date":"2024-03-06T20:55:23","date_gmt":"2024-03-06T23:55:23","guid":{"rendered":"https:\/\/diarioregionaldigital.com.br\/?p=221508"},"modified":"2024-03-06T20:55:23","modified_gmt":"2024-03-06T23:55:23","slug":"protecao-de-mulheres-em-situacao-de-violencia-e-destaque-no-trabalho-da-pjf","status":"publish","type":"post","link":"https:\/\/diarioregionaldigital.com.br\/?p=221508","title":{"rendered":"Prote\u00e7\u00e3o de mulheres em situa\u00e7\u00e3o de viol\u00eancia \u00e9 destaque no trabalho da PJF"},"content":{"rendered":"<p>Segundo informa\u00e7\u00f5es do site da Prefeitura de Juiz de Fora (PJF), avan\u00e7ar para que todas as mulheres possam viver de forma livre, segura e sem medo \u00e9 um dos pilares que se baseia a Casa da Mulher \u201cMaria da Concei\u00e7\u00e3o Lammoglia Jabour\u201d da Prefeitura de Juiz de Fora (PJF). O espa\u00e7o \u00e9 um centro de refer\u00eancia municipal, voltado para o atendimento humanizado e acolhimento de mulheres em situa\u00e7\u00e3o de viol\u00eancia dom\u00e9stica e de g\u00eanero. Vinculada \u00e0 Secretaria Especial de Direitos Humanos (SEDH), a equipe da casa conta com profissionais de diversas \u00e1reas, fornecendo um atendimento qualificado e eficiente junto ao seu p\u00fablico, trabalhando quest\u00f5es como o despertar da consci\u00eancia sobre relacionamentos saud\u00e1veis e o fortalecimento da rede de apoio \u00e0s mulheres.<\/p>\n<p>O espa\u00e7o possui parceria com institui\u00e7\u00f5es que garantem o amparo de mulheres em situa\u00e7\u00e3o de viol\u00eancia dom\u00e9stica, oferecendo hospedagens, alimenta\u00e7\u00e3o e toda assist\u00eancia para mulheres e seus dependentes v\u00edtimas de viol\u00eancia. Durante esse per\u00edodo, \u00e9 aguardado o deferimento das medidas protetivas e\/ou a inclus\u00e3o no programa moradia. Atualmente, h\u00e1 cerca de 80 mulheres com seus filhos no aux\u00edlio-moradia em Juiz de Fora.<\/p>\n<p>Este \u00e9 outro destaque na garantia de pol\u00edticas p\u00fablicas para este p\u00fablico concedido pela PJF. O Aux\u00edlio-Moradia destinado a Mulheres V\u00edtimas de Viol\u00eancia de G\u00eanero \u00e9 um benef\u00edcio eventual para as v\u00edtimas que atendam os crit\u00e9rios do Bolsa Fam\u00edlia, e necessitam deixar o lar para quebrar o ciclo de viol\u00eancia em que se encontram. Em dezembro de 2023, a prefeita Margarida Salom\u00e3o ampliou o valor do subs\u00eddio financeiro. Para uma pessoa o valor passou de R$300 para R$600 e para unidade familiar de R$600 para R$900 &#8211; mulheres e seus dependentes est\u00e3o inclu\u00eddas nesta a\u00e7\u00e3o. \u201cEstamos fortalecendo o sistema de prote\u00e7\u00e3o social em Juiz de Fora, abrindo caminhos e apostando no futuro, porque n\u00f3s temos a convic\u00e7\u00e3o que os Direitos Humanos s\u00e3o a pedra angular sobre a qual repousa toda a nossa pol\u00edtica de direitos\u201d,\u00a0<a href=\"https:\/\/www.pjf.mg.gov.br\/noticias\/view.php?modo=link2&amp;idnoticia2=82260\"><strong>enfatizou a prefeita ao assinar o decreto<\/strong><\/a>.<\/p>\n<p><strong>Casa da Mulher da Prefeitura de Juiz de Fora<\/strong><\/p>\n<p>Endere\u00e7o: Avenida Garibaldi Campinhos 169, bairro Vitorino Braga<\/p>\n<p>Atendimento: Segunda \u00e0 sexta-feira, das 8h \u00e0s 17h<\/p>\n<p>Telefone: 3690-7292<\/p>\n","protected":false},"excerpt":{"rendered":"<p>Segundo informa\u00e7\u00f5es do site da Prefeitura de Juiz de Fora (PJF), avan\u00e7ar para que todas as mulheres possam viver de forma livre, segura e sem medo \u00e9 um dos pilares que se baseia a Casa da Mulher \u201cMaria da Concei\u00e7\u00e3o Lammoglia Jabour\u201d da Prefeitura de Juiz de Fora (PJF). O espa\u00e7o \u00e9 um centro de [&hellip;]<\/p>\n","protected":false},"author":246,"featured_media":221509,"comment_status":"closed","ping_status":"closed","sticky":false,"template":"","format":"standard","meta":{"footnotes":""},"categories":[253,436,439],"tags":[],"class_list":["post-221508","post","type-post","status-publish","format-standard","has-post-thumbnail","hentry","category-cidade","category-destaque-da-semana","category-ultima-hora"],"_links":{"self":[{"href":"https:\/\/diarioregionaldigital.com.br\/index.php?rest_route=\/wp\/v2\/posts\/221508","targetHints":{"allow":["GET"]}}],"collection":[{"href":"https:\/\/diarioregionaldigital.com.br\/index.php?rest_route=\/wp\/v2\/posts"}],"about":[{"href":"https:\/\/diarioregionaldigital.com.br\/index.php?rest_route=\/wp\/v2\/types\/post"}],"author":[{"embeddable":true,"href":"https:\/\/diarioregionaldigital.com.br\/index.php?rest_route=\/wp\/v2\/users\/246"}],"replies":[{"embeddable":true,"href":"https:\/\/diarioregionaldigital.com.br\/index.php?rest_route=%2Fwp%2Fv2%2Fcomments&post=221508"}],"version-history":[{"count":1,"href":"https:\/\/diarioregionaldigital.com.br\/index.php?rest_route=\/wp\/v2\/posts\/221508\/revisions"}],"predecessor-version":[{"id":221510,"href":"https:\/\/diarioregionaldigital.com.br\/index.php?rest_route=\/wp\/v2\/posts\/221508\/revisions\/221510"}],"wp:featuredmedia":[{"embeddable":true,"href":"https:\/\/diarioregionaldigital.com.br\/index.php?rest_route=\/wp\/v2\/media\/221509"}],"wp:attachment":[{"href":"https:\/\/diarioregionaldigital.com.br\/index.php?rest_route=%2Fwp%2Fv2%2Fmedia&parent=221508"}],"wp:term":[{"taxonomy":"category","embeddable":true,"href":"https:\/\/diarioregionaldigital.com.br\/index.php?rest_route=%2Fwp%2Fv2%2Fcategories&post=221508"},{"taxonomy":"post_tag","embeddable":true,"href":"https:\/\/diarioregionaldigital.com.br\/index.php?rest_route=%2Fwp%2Fv2%2Ftags&post=221508"}],"curies":[{"name":"wp","href":"https:\/\/api.w.org\/{rel}","templated":true}]}}