{"id":221505,"date":"2024-03-06T20:54:28","date_gmt":"2024-03-06T23:54:28","guid":{"rendered":"https:\/\/diarioregionaldigital.com.br\/?p=221505"},"modified":"2024-03-06T20:54:28","modified_gmt":"2024-03-06T23:54:28","slug":"pjf-entrega-premio-de-50-mil-reais-ao-adolescente-de-13-anos-ganhador-da-nota-fiscal-premiada","status":"publish","type":"post","link":"https:\/\/diarioregionaldigital.com.br\/?p=221505","title":{"rendered":"PJF entrega pr\u00eamio de 50 mil reais ao adolescente de 13 anos, ganhador da Nota Fiscal Premiada"},"content":{"rendered":"<p>Segundo informa\u00e7\u00f5es do site da Prefeitura de Juiz de Fora (PJF), a<span style=\"color: #333333; font-size: 16px;\">\u00a0prefeita Margarida Salom\u00e3o entregou na manh\u00e3 desta quarta-feira, 6, o pr\u00eamio do programa Nota Fiscal Premiada, sorteado no dia 26 de dezembro, ao vivo, no Parque Halfeld. O ganhador do pr\u00eamio de R$50 mil reais foi Kayque Bento da Silva, de 13 anos.<\/span><\/p>\n<div id=\"box_texto_noticia\">\n<div>\u201cA minha m\u00e3e estava passando por um momento dif\u00edcil e o m\u00e9dico orientou que ela entrasse na academia, e fizemos a matr\u00edcula, eu, minha irm\u00e3 e minha m\u00e3e. Quando fomos pagar a mensalidade, eu pedi o CPF na nota porque minha av\u00f3 me ensinou assim e eu nem sabia desse programa da Prefeitura. Com o sorteio, ligaram para os meus pais e eles vieram no pr\u00e9dio. Hoje estou recebendo esse pr\u00eamio, com vontade de pular de tanta alegria\u201d declara Kayque.<\/div>\n<div>\u201cIsso\u00a0que voc\u00ea fez pela sua fam\u00edlia, para ajudar na sa\u00fade da sua m\u00e3e, \u00e9 muito bonito e merece ser parabenizado pelo que fez como cidad\u00e3o. Voc\u00ea garantiu que o imposto fosse recolhido e esse dinheiro vai para o tesouro da Prefeitura. Com ele, n\u00f3s podemos trazer creches para todas as crian\u00e7as, liberar o \u00f4nibus domingo de gra\u00e7a, dentre tantos benef\u00edcios. Esse imposto \u00e9 muito importante, e quero te cumprimentar como um cidad\u00e3o exemplar de Juiz de Fora\u201d, enfatizou a prefeita, Margarida Salom\u00e3o<\/div>\n<div>\n<p><strong>Em busca do ganhador dos 50 mil\u00a0<\/strong><\/div>\n<div>\nAp\u00f3s o sorteio do dia 26 de dezembro de 2023, a PJF come\u00e7ou a miss\u00e3o de encontrar o ganhador. A Secretaria da Fazenda e a Secretaria de Comunica\u00e7\u00e3o (Secom) uniram esfor\u00e7os. O secret\u00e1rio de Comunica\u00e7\u00e3o, M\u00e1rcio Guerra, conta como foi o processo para encontrar o vencedor. \u201cLigamos muitas vezes para a m\u00e3e, Thayssa, mas ela acreditou que se tratava de um golpe. Depois fomos at\u00e9 o endere\u00e7o que estava na nota fiscal, mas eles j\u00e1 n\u00e3o moravam l\u00e1 h\u00e1 7 anos. Fomos \u00e0 academia, que n\u00e3o podia passar informa\u00e7\u00f5es dos seus alunos, mas deixei meu telefone pessoal com a atendente, que conseguiu falar com a Thayssa, que informou sua vinda \u00e0 Prefeitura. Eles chegaram aqui desconfiados, mas logo a inseguran\u00e7a se tornou um sorriso no rosto e um cheque de R$50 mil nas m\u00e3os.&#8221;<\/div>\n<div>Para a secret\u00e1ria da Fazenda, Fernanda Finotti, os cidad\u00e3os da cidade devem seguir o exemplo de Kayque. \u201cQuando voc\u00ea vai fazer um servi\u00e7o de qualquer natureza, voc\u00ea gera um imposto chamado ISS, recolhido pelas prefeituras. E para que esse imposto seja recolhido corretamente, \u00e9 importante pedir o CPF na nota. Todos os prestadores de servi\u00e7o t\u00eam a obriga\u00e7\u00e3o de emitir nota. Quando uma empresa se recusa a colocar os seus dados em uma nota ou em entregar uma nota, isso gera sonega\u00e7\u00e3o, que influi em um efeito muito ruim na cidade, porque aqueles que sonegam, que se aproveitam dos recursos daqueles que pagam os impostos, est\u00e3o praticando uma apropria\u00e7\u00e3o indevida. A gente \u00e0s vezes tem medo ou vergonha de pedir a nota, mas n\u00e3o precisa ter, porque esse recurso \u00e9 um direito do cidad\u00e3o e o dinheiro arrecadado \u00e9 usado para realizarmos obras p\u00fablicas\u00a0 e melhorias na cidade.\u201d<\/div>\n<div>Jos\u00e9 M\u00e1rcio Garotinho, presidente da C\u00e2mara Municipal de Juiz de Fora que votou a favor para que essa lei fosse criada, elogiou os respons\u00e1veis do Kayque por terem lhe dado uma boa forma\u00e7\u00e3o cidad\u00e3.<\/div>\n<div>Kayque foi contemplado atrav\u00e9s da nota fiscal emitida pela academia Impacto Gym, localizada na Rua\u00a0Halfeld, 332, Centro de Juiz de Fora. Al\u00e9m deste pr\u00eamio, outras 150 pessoas foram sorteadas com o valor de mil reais. Confira a lista no anexo da mat\u00e9ria.<\/div>\n<div>O pr\u00f3ximo sorteio ser\u00e1 realizado no dia das m\u00e3es. Pe\u00e7a o CPF na nota e participe!<\/div>\n<\/div>\n<p>&nbsp;<\/p>\n<div class=\"texto_anexo\"><img loading=\"lazy\" decoding=\"async\" src=\"https:\/\/www.pjf.mg.gov.br\/imagens\/clips.jpg\" width=\"22\" height=\"20\" \/>\u00a0<a href=\"https:\/\/www.pjf.mg.gov.br\/noticias\/anexo\/resultado(2).pdf\" target=\"_blank\" rel=\"noopener\">Veja o anexo<\/a><\/div>\n","protected":false},"excerpt":{"rendered":"<p>Segundo informa\u00e7\u00f5es do site da Prefeitura de Juiz de Fora (PJF), a\u00a0prefeita Margarida Salom\u00e3o entregou na manh\u00e3 desta quarta-feira, 6, o pr\u00eamio do programa Nota Fiscal Premiada, sorteado no dia 26 de dezembro, ao vivo, no Parque Halfeld. O ganhador do pr\u00eamio de R$50 mil reais foi Kayque Bento da Silva, de 13 anos. \u201cA [&hellip;]<\/p>\n","protected":false},"author":246,"featured_media":221506,"comment_status":"closed","ping_status":"closed","sticky":false,"template":"","format":"standard","meta":{"footnotes":""},"categories":[253,436,439],"tags":[],"class_list":["post-221505","post","type-post","status-publish","format-standard","has-post-thumbnail","hentry","category-cidade","category-destaque-da-semana","category-ultima-hora"],"_links":{"self":[{"href":"https:\/\/diarioregionaldigital.com.br\/index.php?rest_route=\/wp\/v2\/posts\/221505","targetHints":{"allow":["GET"]}}],"collection":[{"href":"https:\/\/diarioregionaldigital.com.br\/index.php?rest_route=\/wp\/v2\/posts"}],"about":[{"href":"https:\/\/diarioregionaldigital.com.br\/index.php?rest_route=\/wp\/v2\/types\/post"}],"author":[{"embeddable":true,"href":"https:\/\/diarioregionaldigital.com.br\/index.php?rest_route=\/wp\/v2\/users\/246"}],"replies":[{"embeddable":true,"href":"https:\/\/diarioregionaldigital.com.br\/index.php?rest_route=%2Fwp%2Fv2%2Fcomments&post=221505"}],"version-history":[{"count":1,"href":"https:\/\/diarioregionaldigital.com.br\/index.php?rest_route=\/wp\/v2\/posts\/221505\/revisions"}],"predecessor-version":[{"id":221507,"href":"https:\/\/diarioregionaldigital.com.br\/index.php?rest_route=\/wp\/v2\/posts\/221505\/revisions\/221507"}],"wp:featuredmedia":[{"embeddable":true,"href":"https:\/\/diarioregionaldigital.com.br\/index.php?rest_route=\/wp\/v2\/media\/221506"}],"wp:attachment":[{"href":"https:\/\/diarioregionaldigital.com.br\/index.php?rest_route=%2Fwp%2Fv2%2Fmedia&parent=221505"}],"wp:term":[{"taxonomy":"category","embeddable":true,"href":"https:\/\/diarioregionaldigital.com.br\/index.php?rest_route=%2Fwp%2Fv2%2Fcategories&post=221505"},{"taxonomy":"post_tag","embeddable":true,"href":"https:\/\/diarioregionaldigital.com.br\/index.php?rest_route=%2Fwp%2Fv2%2Ftags&post=221505"}],"curies":[{"name":"wp","href":"https:\/\/api.w.org\/{rel}","templated":true}]}}