{"id":221502,"date":"2024-03-06T20:53:19","date_gmt":"2024-03-06T23:53:19","guid":{"rendered":"https:\/\/diarioregionaldigital.com.br\/?p=221502"},"modified":"2024-03-06T20:53:19","modified_gmt":"2024-03-06T23:53:19","slug":"quatro-bairros-recebem-dia-d-de-combate-a-dengue-neste-sabado-9","status":"publish","type":"post","link":"https:\/\/diarioregionaldigital.com.br\/?p=221502","title":{"rendered":"Quatro bairros recebem \u201cDia D de combate \u00e0 Dengue\u201d neste s\u00e1bado, 9"},"content":{"rendered":"<p>Segundo informa\u00e7\u00f5es do site da Prefeitura de Juiz de Fora (PJF), o<span style=\"color: #333333; font-size: 16px;\">\u00a0trabalho da Prefeitura de Juiz de Fora (PJF) no combate \u00e0 dengue, zika e chikungunya acontece durante todo o ano. Semanalmente, as equipes do Boniteza se re\u00fanem para vistoriar os bairros do munic\u00edpio, realizar visitas domiciliares, notificar poss\u00edveis focos do mosquito <\/span><em style=\"color: #333333; font-size: 16px;\">Aedes aegypti<\/em><span style=\"color: #333333; font-size: 16px;\">\u00a0e realizar o recolhimento de entulhos. A\u00e7\u00f5es que tornam a cidade aquela com o menor n\u00famero de casos de dengue dentre as dez mais populosas de Minas Gerais. As atividades se intensificam com mais uma edi\u00e7\u00e3o do \u201cDia D\u201d. O mutir\u00e3o acontece neste s\u00e1bado, 9, para que os moradores possam descartar materiais que est\u00e3o dentro da resid\u00eancia e acumulam \u00e1gua.<\/span><\/p>\n<div id=\"box_texto_noticia\">\n<div><\/div>\n<div>Os bairros atendidos ser\u00e3o Dom Bosco, Santa Cec\u00edlia, Democrata e Jardim Gl\u00f3ria. Caminh\u00f5es e equipes do Demlurb estar\u00e3o circulando pelas ruas das 8h \u00e0s 14h para realizarem o recolhimento. Os materiais devem ser deixados na porta das resid\u00eancias apenas no \u201cDia D\u201d. N\u00e3o faz parte da a\u00e7\u00e3o o recolhimento de res\u00edduos como m\u00f3veis antigos, restos de obra, madeira e outros.<\/div>\n<div><\/div>\n<div>Al\u00e9m disso, ser\u00e3o realizadas visitas domiciliares como parte do tratamento focal e resgate de casas, onde os agentes de combate \u00e0s endemias e a fiscaliza\u00e7\u00e3o de posturas seguir\u00e3o at\u00e9 as casas que n\u00e3o foram visitadas durante o m\u00eas. Essas atividades visam uma maior efetividade das a\u00e7\u00f5es, j\u00e1 que a maioria dos focos do\u00a0<em>Aedes aegypti<\/em>\u00a0se encontram dentro dos im\u00f3veis.<\/div>\n<div><\/div>\n<div>Essa \u00e9 uma a\u00e7\u00e3o preventiva da Prefeitura de Juiz de Fora (PJF), refor\u00e7ando o compromisso no combate \u00e0 Dengue. Entre as oito cidades mais populosas de MG, Juiz de Fora tem o menor n\u00famero de casos de acordo com o Boletim Epidemiol\u00f3gico da Secretaria de Estado de Sa\u00fade de Minas Gerais (SES-MG). Participam da a\u00e7\u00e3o servidores do Departamento Municipal de Limpeza Urbana (Demlurb), os fiscais de posturas da Secretaria de Sustentabilidade em Meio Ambiente e Atividades Urbanas (Sesmaur) e os agentes de endemias da Secretaria de Sa\u00fade (SS).<\/div>\n<div>\n<strong>Balan\u00e7o do \u00faltimo s\u00e1bado, 2<\/strong><\/div>\n<div><\/div>\n<div>O mutir\u00e3o, realizado no \u00faltimo s\u00e1bado, 2, nos bairros Filgueiras, Grama, Granjas Beth\u00e2nia, Granjas Triunfo, Parque Guarani, Vila dos Sonhos e Vila Montanhesa, contou com caminh\u00f5es e equipes do Demlurb que recolheram 11,84 toneladas de res\u00edduos e materiais acumuladores de \u00e1gua nas resid\u00eancias da regi\u00e3o. Durante a a\u00e7\u00e3o, 909 resid\u00eancias foram vistoriadas, com 14 recusas.<\/div>\n<div>Ao todo, desde o primeiro mutir\u00e3o, foram recolhidas cerca de 75,54 toneladas de materiais que acumulam \u00e1gua. Foram visitadas tamb\u00e9m 2.460 resid\u00eancias durante as a\u00e7\u00f5es do Dia D.<\/div>\n<div>\n<strong>Denuncie<\/strong><\/div>\n<div><\/div>\n<div>Al\u00e9m de participar ativamente na preven\u00e7\u00e3o contra as arboviroses, a popula\u00e7\u00e3o pode ajudar com den\u00fancias an\u00f4nimas sobre focos do\u00a0<em>Aedes aegypti<\/em>\u00a0em Juiz de Fora e regi\u00e3o. O sistema tem como finalidade mapear as informa\u00e7\u00f5es das doen\u00e7as causadas pelo mosquito: dengue, zika, febre amarela e chikungunya.<\/div>\n<div><\/div>\n<div><a href=\"https:\/\/arbocontrol-form.vercel.app\/\"><strong>O JF Contra o Aedes pode ser acessado em qualquer navegador<\/strong><\/a>. Ele\u00a0 roda em todas as plataformas: smartphones, tablets, notebooks e computadores. \u00c9 um sistema em que as pessoas podem realizar den\u00fancias de locais de criadouros do mosquito.<\/div>\n<div><\/div>\n<div>A popula\u00e7\u00e3o tamb\u00e9m pode auxiliar no combate por meio de den\u00fancias de poss\u00edveis focos, atrav\u00e9s do WhatsApp, pelo n\u00famero (32) 98432-4608, ou pelo e-mail\u00a0<strong>dengue@pjf.mg.gov.br.\u00a0<\/strong>Den\u00fancias tamb\u00e9m podem ser feitas em qualquer um dos 11 postos do Departamento de Informa\u00e7\u00e3o Geral e Atendimento (Diga) espalhados pelo munic\u00edpio.<\/div>\n<\/div>\n<p>&nbsp;<\/p>\n<div id=\"box_compartilhar\" align=\"right\"><\/div>\n","protected":false},"excerpt":{"rendered":"<p>Segundo informa\u00e7\u00f5es do site da Prefeitura de Juiz de Fora (PJF), o\u00a0trabalho da Prefeitura de Juiz de Fora (PJF) no combate \u00e0 dengue, zika e chikungunya acontece durante todo o ano. Semanalmente, as equipes do Boniteza se re\u00fanem para vistoriar os bairros do munic\u00edpio, realizar visitas domiciliares, notificar poss\u00edveis focos do mosquito Aedes aegypti\u00a0e realizar [&hellip;]<\/p>\n","protected":false},"author":246,"featured_media":221503,"comment_status":"closed","ping_status":"closed","sticky":false,"template":"","format":"standard","meta":{"footnotes":""},"categories":[253,436,440,439],"tags":[],"class_list":["post-221502","post","type-post","status-publish","format-standard","has-post-thumbnail","hentry","category-cidade","category-destaque-da-semana","category-destaques-do-dia","category-ultima-hora"],"_links":{"self":[{"href":"https:\/\/diarioregionaldigital.com.br\/index.php?rest_route=\/wp\/v2\/posts\/221502","targetHints":{"allow":["GET"]}}],"collection":[{"href":"https:\/\/diarioregionaldigital.com.br\/index.php?rest_route=\/wp\/v2\/posts"}],"about":[{"href":"https:\/\/diarioregionaldigital.com.br\/index.php?rest_route=\/wp\/v2\/types\/post"}],"author":[{"embeddable":true,"href":"https:\/\/diarioregionaldigital.com.br\/index.php?rest_route=\/wp\/v2\/users\/246"}],"replies":[{"embeddable":true,"href":"https:\/\/diarioregionaldigital.com.br\/index.php?rest_route=%2Fwp%2Fv2%2Fcomments&post=221502"}],"version-history":[{"count":1,"href":"https:\/\/diarioregionaldigital.com.br\/index.php?rest_route=\/wp\/v2\/posts\/221502\/revisions"}],"predecessor-version":[{"id":221504,"href":"https:\/\/diarioregionaldigital.com.br\/index.php?rest_route=\/wp\/v2\/posts\/221502\/revisions\/221504"}],"wp:featuredmedia":[{"embeddable":true,"href":"https:\/\/diarioregionaldigital.com.br\/index.php?rest_route=\/wp\/v2\/media\/221503"}],"wp:attachment":[{"href":"https:\/\/diarioregionaldigital.com.br\/index.php?rest_route=%2Fwp%2Fv2%2Fmedia&parent=221502"}],"wp:term":[{"taxonomy":"category","embeddable":true,"href":"https:\/\/diarioregionaldigital.com.br\/index.php?rest_route=%2Fwp%2Fv2%2Fcategories&post=221502"},{"taxonomy":"post_tag","embeddable":true,"href":"https:\/\/diarioregionaldigital.com.br\/index.php?rest_route=%2Fwp%2Fv2%2Ftags&post=221502"}],"curies":[{"name":"wp","href":"https:\/\/api.w.org\/{rel}","templated":true}]}}