{"id":221493,"date":"2024-03-06T20:46:10","date_gmt":"2024-03-06T23:46:10","guid":{"rendered":"https:\/\/diarioregionaldigital.com.br\/?p=221493"},"modified":"2024-03-06T20:46:10","modified_gmt":"2024-03-06T23:46:10","slug":"governo-do-estado-apresenta-acoes-e-projetos-de-destaque-em-1o-forum-global-da-construcao-e-do-clima-na-franca","status":"publish","type":"post","link":"https:\/\/diarioregionaldigital.com.br\/?p=221493","title":{"rendered":"Governo do Estado apresenta a\u00e7\u00f5es e projetos de destaque em &#8220;1\u00ba F\u00f3rum Global da Constru\u00e7\u00e3o e do Clima&#8221;, na Fran\u00e7a"},"content":{"rendered":"<p><main class=\"clear margin-md-bottom-3\"><\/p>\n<div class=\"clear \">\n<p>O\u00a0<a href=\"http:\/\/www.mg.gov.br\/\" target=\"_blank\" rel=\"noopener\">Governo de Minas<\/a>\u00a0inicia, nesta quinta-feira (7\/3), em Paris, na Fran\u00e7a, sua participa\u00e7\u00e3o, a convite do Programa das Na\u00e7\u00f5es Unidas para o Meio Ambiente (Pnuma), no &#8220;1\u00ba F\u00f3rum Global da Constru\u00e7\u00e3o e do Clima&#8221;, na Fran\u00e7a. O vice-governador Professor Mateus e a secret\u00e1ria de Estado de\u00a0<a href=\"http:\/\/www.meioambiente.mg.gov.br\/\" target=\"_blank\" rel=\"noopener\">Meio Ambiente e Desenvolvimento Sustent\u00e1vel (Semad)<\/a>, Mar\u00edlia Melo, representam Minas Gerais na edi\u00e7\u00e3o de estreia do evento internacional.<\/p>\n<p>Minas foi o \u00fanico estado subnacional brasileiro a ser convidado a participar. Al\u00e9m disso, entre os originados da Am\u00e9rica Latina, est\u00e3o previstos apenas tr\u00eas: MG e outros dois do M\u00e9xico.<\/p>\n<p>&#8220;O Governo do Estado foi convidado com o objetivo de discutir, com representantes de todo o mundo, a\u00e7\u00f5es pr\u00e1ticas para as constru\u00e7\u00f5es e mudan\u00e7as clim\u00e1ticas que podem ser implementadas tanto para as constru\u00e7\u00f5es existentes, mas, especialmente, para futuras edifica\u00e7\u00f5es, na linha de descarboniza\u00e7\u00e3o do setor de constru\u00e7\u00e3o&#8221;, explicou\u00a0a secret\u00e1ria Mar\u00edlia Melo.<\/p>\n<p>Minas Gerais leva para as mesas tem\u00e1ticas alguns dos avan\u00e7os em andamento e j\u00e1 executados com foco no compromisso global de neutralizar as emiss\u00f5es l\u00edquidas de gases de efeito estuda at\u00e9 2050, como primeiro Estado da Am\u00e9rica Latina e do Caribe a aderir \u00e0 campanha internacional Race to Zero.<\/p>\n<p>&#8220;O Governo de Minas tem atuado significativamente no prop\u00f3sito de fomentar e colocar em pr\u00e1tica a\u00e7\u00f5es em prol do desenvolvimento sustent\u00e1vel, da descarboniza\u00e7\u00e3o da economia mineira e do aumento da resili\u00eancia territorial diante dos eventos clim\u00e1ticos extremos\u201d, afirmou o vice-governador.<\/p>\n<p>\u201cTemos refor\u00e7ado o objetivo de unir setores p\u00fablico e privado para as discuss\u00f5es e, ainda, nos posicionado mundialmente, entre grandes l\u00edderes globais, para enfrentamento \u00e0s mudan\u00e7as do clima. Nosso trabalho tem sido frequente, mobilizados com parceiros nacionais e internacionais, para viabilizar e implementar pol\u00edticas efetivas de mudan\u00e7as clim\u00e1ticas&#8221;, completou Professor Mateus.<\/p>\n<p><strong>Clima e constru\u00e7\u00e3o<\/strong><\/p>\n<p>O Estado ter\u00e1 dois momentos especiais para compartilhar suas experi\u00eancias positivas, propostas e a\u00e7\u00f5es nos dois dias de programa\u00e7\u00e3o. Na quinta-feira (7\/3), em mesa com representantes de governos locais, o foco principal ser\u00e1 a descarboniza\u00e7\u00e3o das constru\u00e7\u00f5es j\u00e1 existentes e avan\u00e7os realizados nesse sentido. J\u00e1 na sexta-feira (8\/3), ser\u00e1 o momento de abordar as futuras constru\u00e7\u00f5es, em nova sess\u00e3o tem\u00e1tica.<\/p>\n<p>&#8220;As narrativas das cidades e dos edif\u00edcios est\u00e3o interligadas. Hoje, mais de metade da popula\u00e7\u00e3o mundial vive em \u00e1reas urbanas e espera-se que as cidades cres\u00e7am em 2,5 milh\u00f5es de pessoas, aumentando a percentagem urbana para 68% da popula\u00e7\u00e3o mundial at\u00e9 2050. Ali\u00e1s, o aquecimento global, por si s\u00f3, j\u00e1 vem provocando a migra\u00e7\u00e3o para centros urbanizados, o que indica potencial crise habitacional e energ\u00e9tica&#8221;, apontou a secret\u00e1ria Mar\u00edlia Melo.<\/p>\n<p>&#8216;Nesse contexto, v\u00eam sendo firmados compromissos internacionais significativos em prol da descarboniza\u00e7\u00e3o do setor da constru\u00e7\u00e3o, como a iniciativa Buildings Breakthrough, idealizada pela Fran\u00e7a e por Marrocos, lan\u00e7ada na COP28&#8243;, lembrou.<\/p>\n<p>Outro ponto de destaque, segundo a secret\u00e1ria, \u00e9 a efici\u00eancia energ\u00e9tica, que se apresenta com maior peso no escopo do Plano de Descarboniza\u00e7\u00e3o para o Estado de Minas Gerais (Plac-MG).<\/p>\n<p>\u201cEsta \u00e9 uma das raz\u00f5es pelas quais uma das metas essenciais para Minas \u00e9 a de promover a amplia\u00e7\u00e3o da efici\u00eancia energ\u00e9tica das edifica\u00e7\u00f5es p\u00fablicas estaduais at\u00e9 2040, assim como tornar a efici\u00eancia energ\u00e9tica um requisito nas licita\u00e7\u00f5es de compras p\u00fablicas e editais de projetos de infraestrutura at\u00e9 2026&#8243;, observou.<\/p>\n<p>&#8220;Nesse aspecto, as instala\u00e7\u00f5es de escolas poder\u00e3o ser priorizadas, j\u00e1 que as caracter\u00edsticas dessas constru\u00e7\u00f5es\u00a0 viabilizam, por exemplo, a instala\u00e7\u00e3o de pain\u00e9is fotovoltaicos&#8221;, acrescentou Mar\u00edlia.<\/p>\n<p><strong>Coopera\u00e7\u00e3o internacional<\/strong><\/p>\n<p>O vice-governador Professor Mateus enfatizou, por fim, o objetivo de avan\u00e7ar com outros atores e l\u00edderes globais para uma coopera\u00e7\u00e3o internacional pela descarboniza\u00e7\u00e3o nas constru\u00e7\u00f5es.<\/p>\n<p>\u201cO desafio requer v\u00e1rios n\u00edveis de envolvimento e, nesta oportunidade, vamos alinhar propostas e resultados para acelerar o processo de redu\u00e7\u00e3o de emiss\u00f5es de carbono no setor. Ser\u00e3o encaminhamentos importantes rumo \u00e0 pr\u00f3xima Confer\u00eancia da ONU sobre Mudan\u00e7as Clim\u00e1ticas (COP 29)\u201d, observou.<\/p>\n<figure class=\"image\"><img decoding=\"async\" src=\"https:\/\/www.agenciaminas.mg.gov.br\/ckeditor_assets\/pictures\/20486\/content_img_4015.jpg\" alt=\"\" \/><figcaption><sub><em>Matheus Fonseca\u00a0<\/em><\/sub><\/figcaption><\/figure>\n<p><strong>Minas e Fran\u00e7a<\/strong><\/p>\n<p>Nesta quarta-feira (6\/3), na chegada a Paris, o vice-governador, a secret\u00e1ria de Estado de Meio Ambiente e Desenvolvimento Sustent\u00e1vel (Semad) e o\u00a0<a href=\"http:\/\/www.secretariageral.mg.gov.br\/\" target=\"_blank\" rel=\"noopener\">secret\u00e1rio-geral<\/a>\u00a0Marcel Beghini participaram de uma reuni\u00e3o com o Minist\u00e9rio de Rela\u00e7\u00f5es Internacionais da Fran\u00e7a.<\/p>\n<p>&#8220;Nos reunimos com o Minist\u00e9rio para abrir novas frentes de financiamento e apoio t\u00e9cnico da Fran\u00e7a para aquilo que acontece no Brasil e, especialmente, para Minas Gerais. J\u00e1 temos parcerias na \u00e1rea de meio ambiente, tivemos, anteriormente, parcerias sobre recupera\u00e7\u00e3o de \u00e1reas degradadas. Estamos trabalhando n\u00e3o apenas para retomar alguns projetos, mas tamb\u00e9m ampliar a troca de experi\u00eancias t\u00e9cnicas em outras modalidades\u201d, destacou Professor Mateus.<\/p>\n<p>A secret\u00e1ria Mar\u00edlia Melo refor\u00e7ou a importante parceria j\u00e1 em curso em apoio aos munic\u00edpios, no desdobramento do Plano de Descarboniza\u00e7\u00e3o para o Estado de Minas Gerais, para melhoria da resili\u00eancia dos munic\u00edpios. Al\u00e9m disso, destacou a retomada da quest\u00e3o de reconvers\u00e3o de territ\u00f3rios de minera\u00e7\u00e3o. \u201cEssa discuss\u00e3o \u00e9 muito importante e a experi\u00eancia francesa com certeza contribuir\u00e1 muito\u201d, pontuou.<\/p>\n<p>O trabalho realizado em \u00e1reas como\u00a0agricultura e\u00a0patrim\u00f4nio hist\u00f3rico foram outros pontos ressaltados pelo secret\u00e1rio-geral. \u201cS\u00e3o temas tamb\u00e9m important\u00edssimos para MG e temos todas as condi\u00e7\u00f5es de estabelecer uma parceria muito relevante com os franceses\u201d, disse Beghini.<\/p>\n<p>Fonte: Ag\u00eancia Minas<\/p>\n<\/div>\n<p><\/main><\/p>\n","protected":false},"excerpt":{"rendered":"<p>O\u00a0Governo de Minas\u00a0inicia, nesta quinta-feira (7\/3), em Paris, na Fran\u00e7a, sua participa\u00e7\u00e3o, a convite do Programa das Na\u00e7\u00f5es Unidas para o Meio Ambiente (Pnuma), no &#8220;1\u00ba F\u00f3rum Global da Constru\u00e7\u00e3o e do Clima&#8221;, na Fran\u00e7a. O vice-governador Professor Mateus e a secret\u00e1ria de Estado de\u00a0Meio Ambiente e Desenvolvimento Sustent\u00e1vel (Semad), Mar\u00edlia Melo, representam Minas Gerais [&hellip;]<\/p>\n","protected":false},"author":246,"featured_media":221494,"comment_status":"closed","ping_status":"closed","sticky":false,"template":"","format":"standard","meta":{"footnotes":""},"categories":[436,440,254,439],"tags":[],"class_list":["post-221493","post","type-post","status-publish","format-standard","has-post-thumbnail","hentry","category-destaque-da-semana","category-destaques-do-dia","category-politica","category-ultima-hora"],"_links":{"self":[{"href":"https:\/\/diarioregionaldigital.com.br\/index.php?rest_route=\/wp\/v2\/posts\/221493","targetHints":{"allow":["GET"]}}],"collection":[{"href":"https:\/\/diarioregionaldigital.com.br\/index.php?rest_route=\/wp\/v2\/posts"}],"about":[{"href":"https:\/\/diarioregionaldigital.com.br\/index.php?rest_route=\/wp\/v2\/types\/post"}],"author":[{"embeddable":true,"href":"https:\/\/diarioregionaldigital.com.br\/index.php?rest_route=\/wp\/v2\/users\/246"}],"replies":[{"embeddable":true,"href":"https:\/\/diarioregionaldigital.com.br\/index.php?rest_route=%2Fwp%2Fv2%2Fcomments&post=221493"}],"version-history":[{"count":1,"href":"https:\/\/diarioregionaldigital.com.br\/index.php?rest_route=\/wp\/v2\/posts\/221493\/revisions"}],"predecessor-version":[{"id":221495,"href":"https:\/\/diarioregionaldigital.com.br\/index.php?rest_route=\/wp\/v2\/posts\/221493\/revisions\/221495"}],"wp:featuredmedia":[{"embeddable":true,"href":"https:\/\/diarioregionaldigital.com.br\/index.php?rest_route=\/wp\/v2\/media\/221494"}],"wp:attachment":[{"href":"https:\/\/diarioregionaldigital.com.br\/index.php?rest_route=%2Fwp%2Fv2%2Fmedia&parent=221493"}],"wp:term":[{"taxonomy":"category","embeddable":true,"href":"https:\/\/diarioregionaldigital.com.br\/index.php?rest_route=%2Fwp%2Fv2%2Fcategories&post=221493"},{"taxonomy":"post_tag","embeddable":true,"href":"https:\/\/diarioregionaldigital.com.br\/index.php?rest_route=%2Fwp%2Fv2%2Ftags&post=221493"}],"curies":[{"name":"wp","href":"https:\/\/api.w.org\/{rel}","templated":true}]}}