{"id":221484,"date":"2024-03-05T17:25:21","date_gmt":"2024-03-05T20:25:21","guid":{"rendered":"https:\/\/diarioregionaldigital.com.br\/?p=221484"},"modified":"2024-03-05T17:25:21","modified_gmt":"2024-03-05T20:25:21","slug":"projeto-acupuntura-urbana-realiza-intervencoes-artisticas-na-ponte-leopoldina","status":"publish","type":"post","link":"https:\/\/diarioregionaldigital.com.br\/?p=221484","title":{"rendered":"Projeto \u201cAcupuntura Urbana\u201d realiza interven\u00e7\u00f5es art\u00edsticas na Ponte Leopoldina"},"content":{"rendered":"<p>Segundo informa\u00e7\u00f5es do site da Prefeitura de Juiz de Fora (PJF), <span style=\"color: #333333; font-size: 16px;\">a PJF realizou mais uma etapa da interven\u00e7\u00e3o art\u00edstica na Ponte Leopoldina, localizada no Centro. Ap\u00f3s a pintura da arte no espa\u00e7o, foi iniciado o trabalho art\u00edstico no trajeto que liga a ponte \u00e0 Casa da Mulher. A a\u00e7\u00e3o \u00e9 parte do projeto \u201cAcupuntura Urbana\u201d, que integra o Programa Boniteza e \u00e9 coordenado pela Secretaria de Governo (SG).\u00a0<\/span><\/p>\n<div id=\"box_texto_noticia\">\n<div>O edital \u201cAcupuntura Urbana &#8211; Pontes\u201d foi viabilizado por emenda parlamentar da vereadora Laiz Perrut, que destinou R$20 mil para a execu\u00e7\u00e3o das atividades art\u00edsticas. Na \u00faltima quinta-feira, 29, a artista respons\u00e1vel pelo projeto, Gabi Lemos, iniciou a interven\u00e7\u00e3o no trajeto em conjunto com mulheres que participam da oficina de arteterapia, oferecida pela Casa da Mulher. A participa\u00e7\u00e3o de mulheres assistidas pela institui\u00e7\u00e3o no projeto visa promover a sensa\u00e7\u00e3o de pertencimento e valorizar o trabalho desenvolvido.<\/div>\n<div>Al\u00e9m desse projeto garantir a interven\u00e7\u00e3o na \u00fanica ponte de Juiz de Fora que leva o nome de uma mulher, a arte tamb\u00e9m contempla o percurso at\u00e9 a Casa da Mulher, importante equipamento p\u00fablico voltado para atendimento humanizado e acolhimento de mulheres em situa\u00e7\u00e3o de viol\u00eancia dom\u00e9stica.<\/div>\n<\/div>\n<p>&nbsp;<\/p>\n<div id=\"box_compartilhar\" align=\"right\"><\/div>\n","protected":false},"excerpt":{"rendered":"<p>Segundo informa\u00e7\u00f5es do site da Prefeitura de Juiz de Fora (PJF), a PJF realizou mais uma etapa da interven\u00e7\u00e3o art\u00edstica na Ponte Leopoldina, localizada no Centro. Ap\u00f3s a pintura da arte no espa\u00e7o, foi iniciado o trabalho art\u00edstico no trajeto que liga a ponte \u00e0 Casa da Mulher. A a\u00e7\u00e3o \u00e9 parte do projeto \u201cAcupuntura [&hellip;]<\/p>\n","protected":false},"author":246,"featured_media":221485,"comment_status":"closed","ping_status":"closed","sticky":false,"template":"","format":"standard","meta":{"footnotes":""},"categories":[253,436,439],"tags":[],"class_list":["post-221484","post","type-post","status-publish","format-standard","has-post-thumbnail","hentry","category-cidade","category-destaque-da-semana","category-ultima-hora"],"_links":{"self":[{"href":"https:\/\/diarioregionaldigital.com.br\/index.php?rest_route=\/wp\/v2\/posts\/221484","targetHints":{"allow":["GET"]}}],"collection":[{"href":"https:\/\/diarioregionaldigital.com.br\/index.php?rest_route=\/wp\/v2\/posts"}],"about":[{"href":"https:\/\/diarioregionaldigital.com.br\/index.php?rest_route=\/wp\/v2\/types\/post"}],"author":[{"embeddable":true,"href":"https:\/\/diarioregionaldigital.com.br\/index.php?rest_route=\/wp\/v2\/users\/246"}],"replies":[{"embeddable":true,"href":"https:\/\/diarioregionaldigital.com.br\/index.php?rest_route=%2Fwp%2Fv2%2Fcomments&post=221484"}],"version-history":[{"count":1,"href":"https:\/\/diarioregionaldigital.com.br\/index.php?rest_route=\/wp\/v2\/posts\/221484\/revisions"}],"predecessor-version":[{"id":221486,"href":"https:\/\/diarioregionaldigital.com.br\/index.php?rest_route=\/wp\/v2\/posts\/221484\/revisions\/221486"}],"wp:featuredmedia":[{"embeddable":true,"href":"https:\/\/diarioregionaldigital.com.br\/index.php?rest_route=\/wp\/v2\/media\/221485"}],"wp:attachment":[{"href":"https:\/\/diarioregionaldigital.com.br\/index.php?rest_route=%2Fwp%2Fv2%2Fmedia&parent=221484"}],"wp:term":[{"taxonomy":"category","embeddable":true,"href":"https:\/\/diarioregionaldigital.com.br\/index.php?rest_route=%2Fwp%2Fv2%2Fcategories&post=221484"},{"taxonomy":"post_tag","embeddable":true,"href":"https:\/\/diarioregionaldigital.com.br\/index.php?rest_route=%2Fwp%2Fv2%2Ftags&post=221484"}],"curies":[{"name":"wp","href":"https:\/\/api.w.org\/{rel}","templated":true}]}}