{"id":221478,"date":"2024-03-05T17:19:25","date_gmt":"2024-03-05T20:19:25","guid":{"rendered":"https:\/\/diarioregionaldigital.com.br\/?p=221478"},"modified":"2024-03-05T17:19:25","modified_gmt":"2024-03-05T20:19:25","slug":"parque-halfeld-recebe-evento-de-adocao-do-canil-municipal-neste-sabado-9","status":"publish","type":"post","link":"https:\/\/diarioregionaldigital.com.br\/?p=221478","title":{"rendered":"Parque Halfeld recebe evento de ado\u00e7\u00e3o do Canil Municipal neste s\u00e1bado, 9"},"content":{"rendered":"<p>Segundo informa\u00e7\u00f5es do site da Prefeitura de Juiz de Fora (PJF), o \u00a0primeiro evento de ado\u00e7\u00e3o respons\u00e1vel de mar\u00e7o tem data marcada para este s\u00e1bado, 9. De 9h \u00e0s 13h, o Canil Municipal da Prefeitura de Juiz de Fora (PJF) realizar\u00e1 a a\u00e7\u00e3o no Parque Halfeld para ado\u00e7\u00e3o de c\u00e3es e gatos.<\/p>\n<div>Para adotar um novo amigo, o candidato deve comparecer ao local com c\u00f3pias do RG, CPF e comprovante de resid\u00eancia. A equipe do Canil Municipal realiza entrevista minuciosa com os interessados \u00e0 ado\u00e7\u00e3o a fim de analisar a aptid\u00e3o e os requisitos para levar um novo amigo para casa.<\/div>\n<div><strong><br \/>\nVacina\u00e7\u00e3o antirr\u00e1bica animal e microchipagem<\/strong><\/div>\n<p>&nbsp;<\/p>\n<div>Outras atividades de cuidado e prote\u00e7\u00e3o animal acontecer\u00e3o no evento. A a\u00e7\u00e3o contar\u00e1 com a aplica\u00e7\u00e3o de microchips para c\u00e3es e gatos j\u00e1 castrados pela PJF. Al\u00e9m disso, ser\u00e1 uma oportunidade para os tutores atualizarem o cart\u00e3o vacinal dos pets com a vacina antirr\u00e1bica.<\/div>\n<p>&nbsp;<\/p>\n<div>\n<strong>&#8220;Me Adota A\u00ed!&#8221;<\/strong><\/div>\n<p>&nbsp;<\/p>\n<div>A campanha \u201cMe Adota A\u00ed!\u201d foi lan\u00e7ada pela atual gest\u00e3o municipal com o objetivo de garantir um lar para os animais que est\u00e3o no Canil Municipal. Os interessados em adotar um amigo podem visitar o Canil das 9h \u00e0s 10h30 e das 13h \u00e0s 15h30, de segunda a sexta. Al\u00e9m disso, tamb\u00e9m pode ser feito agendamento para outros dias pelo telefone (32) 98416-3648. O Canil \u00e9 localizado na Rua Bartolomeu dos Santos 680, bairro S\u00e3o Dami\u00e3o.<\/div>\n","protected":false},"excerpt":{"rendered":"<p>Segundo informa\u00e7\u00f5es do site da Prefeitura de Juiz de Fora (PJF), o \u00a0primeiro evento de ado\u00e7\u00e3o respons\u00e1vel de mar\u00e7o tem data marcada para este s\u00e1bado, 9. De 9h \u00e0s 13h, o Canil Municipal da Prefeitura de Juiz de Fora (PJF) realizar\u00e1 a a\u00e7\u00e3o no Parque Halfeld para ado\u00e7\u00e3o de c\u00e3es e gatos. Para adotar um [&hellip;]<\/p>\n","protected":false},"author":246,"featured_media":221479,"comment_status":"closed","ping_status":"closed","sticky":false,"template":"","format":"standard","meta":{"footnotes":""},"categories":[253,436,439],"tags":[],"class_list":["post-221478","post","type-post","status-publish","format-standard","has-post-thumbnail","hentry","category-cidade","category-destaque-da-semana","category-ultima-hora"],"_links":{"self":[{"href":"https:\/\/diarioregionaldigital.com.br\/index.php?rest_route=\/wp\/v2\/posts\/221478","targetHints":{"allow":["GET"]}}],"collection":[{"href":"https:\/\/diarioregionaldigital.com.br\/index.php?rest_route=\/wp\/v2\/posts"}],"about":[{"href":"https:\/\/diarioregionaldigital.com.br\/index.php?rest_route=\/wp\/v2\/types\/post"}],"author":[{"embeddable":true,"href":"https:\/\/diarioregionaldigital.com.br\/index.php?rest_route=\/wp\/v2\/users\/246"}],"replies":[{"embeddable":true,"href":"https:\/\/diarioregionaldigital.com.br\/index.php?rest_route=%2Fwp%2Fv2%2Fcomments&post=221478"}],"version-history":[{"count":1,"href":"https:\/\/diarioregionaldigital.com.br\/index.php?rest_route=\/wp\/v2\/posts\/221478\/revisions"}],"predecessor-version":[{"id":221480,"href":"https:\/\/diarioregionaldigital.com.br\/index.php?rest_route=\/wp\/v2\/posts\/221478\/revisions\/221480"}],"wp:featuredmedia":[{"embeddable":true,"href":"https:\/\/diarioregionaldigital.com.br\/index.php?rest_route=\/wp\/v2\/media\/221479"}],"wp:attachment":[{"href":"https:\/\/diarioregionaldigital.com.br\/index.php?rest_route=%2Fwp%2Fv2%2Fmedia&parent=221478"}],"wp:term":[{"taxonomy":"category","embeddable":true,"href":"https:\/\/diarioregionaldigital.com.br\/index.php?rest_route=%2Fwp%2Fv2%2Fcategories&post=221478"},{"taxonomy":"post_tag","embeddable":true,"href":"https:\/\/diarioregionaldigital.com.br\/index.php?rest_route=%2Fwp%2Fv2%2Ftags&post=221478"}],"curies":[{"name":"wp","href":"https:\/\/api.w.org\/{rel}","templated":true}]}}