{"id":221457,"date":"2024-03-05T17:06:25","date_gmt":"2024-03-05T20:06:25","guid":{"rendered":"https:\/\/diarioregionaldigital.com.br\/?p=221457"},"modified":"2024-03-05T17:06:25","modified_gmt":"2024-03-05T20:06:25","slug":"fortalecer-acordos-comerciais-e-uma-das-prioridades-do-governo-federal","status":"publish","type":"post","link":"https:\/\/diarioregionaldigital.com.br\/?p=221457","title":{"rendered":"Fortalecer acordos comerciais \u00e9 uma das prioridades do governo federal"},"content":{"rendered":"<p>O vice-presidente da Rep\u00fablica e ministro do Desenvolvimento, Ind\u00fastria, Com\u00e9rcio e Servi\u00e7os, Geraldo Alckmin, afirmou hoje (5) que, entre as prioridades atuais do governo, no \u00e2mbito da economia, est\u00e3o o fortalecimento de acordos comerciais com pa\u00edses vizinhos e o fomento da ind\u00fastria atrav\u00e9s da digitaliza\u00e7\u00e3o e desburocratiza\u00e7\u00e3o. A declara\u00e7\u00e3o foi dada durante a abertura do 1\u00ba Encontro Nacional da Ind\u00fastria e Servi\u00e7os, realizado na sede da Federa\u00e7\u00e3o das Ind\u00fastrias do Estado de S\u00e3o Paulo (Fiesp). Participam do evento, que ser\u00e1 encerrado ao fim da tarde, 30 entidades setoriais, que representam aproximadamente 6 mil companhias.<img decoding=\"async\" src=\"https:\/\/agenciabrasil.ebc.com.br\/ebc.png?id=1584173&amp;o=node\" \/><img decoding=\"async\" src=\"https:\/\/agenciabrasil.ebc.com.br\/ebc.gif?id=1584173&amp;o=node\" \/><\/p>\n<p>&#8220;O presidente Lula recome\u00e7ou a inser\u00e7\u00e3o do Brasil no mercado global come\u00e7ando pelos vizinhos, aqui pela Am\u00e9rica do Sul. O mundo, embora seja globalizado, o com\u00e9rcio \u00e9 muito intrarregional. Se a gente pegar Canad\u00e1, Estados Unidos e M\u00e9xico, 50% \u00e9 entre eles. Se pegar a Uni\u00e3o Europeia, 60% \u00e9 entre eles&#8221;, disse.<\/p>\n<p>&#8220;Precisamos recuperar os vizinhos, retomar as exporta\u00e7\u00f5es e o com\u00e9rcio na nossa regi\u00e3o. Na Am\u00e9rica Latina, \u00e9 26% somente o com\u00e9rcio intrarregional. Ent\u00e3o, a primeira boa not\u00edcia foi a amplia\u00e7\u00e3o do Mercosul. Eram quatro pa\u00edses e ingressou a Bol\u00edvia. Depois de 12 anos, o Mercosul fez um acordo com a Singapura e est\u00e1 trabalhando a Uni\u00e3o Europeia. Vai ser muito importante esse avan\u00e7o. Ele \u00e9 permanente, \u00e9 um esfor\u00e7o que o Mercosul tem feito&#8221;, emendou.<\/p>\n<p>Alckmin disse que o Brasil &#8220;n\u00e3o tem nenhum lit\u00edgio&#8221;, o que deve ser aproveitado como uma vantagem no fechamento de neg\u00f3cios. Ele acrescentou que o momento \u00e9 marcado por &#8220;muita liquidez&#8221; no mundo e que isso pode ensejar o aumento de investimentos no pa\u00eds.<\/p>\n<p>O vice-presidente, que tamb\u00e9m cumpre agenda em Sorocaba, onde visitar\u00e1 uma f\u00e1brica da Toyota, comemorou algumas realiza\u00e7\u00f5es do primeiro ano de governo e pontuou outras metas que devem nortear as pol\u00edticas p\u00fablicas na \u00e1rea econ\u00f4mica, como a sustentabilidade e a diminui\u00e7\u00e3o do custo de capital. Como destaques, citou a queda da infla\u00e7\u00e3o, do Risco Brasil, do d\u00f3lar, que provoca a valoriza\u00e7\u00e3o do real. &#8220;E tivemos aumento das exporta\u00e7\u00f5es, do PIB [Produto Interno Bruto], da Bolsa. Tivemos ganhos importantes&#8221;, acrescentou.\u00a0&#8220;Devemos ter um ano melhor&#8221;, avaliou.<\/p>\n<p>Tamb\u00e9m presente no evento, o presidente da Fiesp, Josu\u00e9 Gomes, seguiu a linha de Alckmin e discursou a favor da transi\u00e7\u00e3o energ\u00e9tica, que considera ferramenta fundamental para se refrear as mudan\u00e7as clim\u00e1ticas e as desigualdades sociais. Para Gomes, outro ponto importante \u00e9 a promo\u00e7\u00e3o da Ind\u00fastria de Transforma\u00e7\u00e3o. &#8220;Se a Ind\u00fastria de Transforma\u00e7\u00e3o estivesse puxando o crescimento, estar\u00edamos crescendo muito mais&#8221;, afirmou.<\/p>\n<p>Fonte: Ag\u00eancia Brasil<\/p>\n","protected":false},"excerpt":{"rendered":"<p>O vice-presidente da Rep\u00fablica e ministro do Desenvolvimento, Ind\u00fastria, Com\u00e9rcio e Servi\u00e7os, Geraldo Alckmin, afirmou hoje (5) que, entre as prioridades atuais do governo, no \u00e2mbito da economia, est\u00e3o o fortalecimento de acordos comerciais com pa\u00edses vizinhos e o fomento da ind\u00fastria atrav\u00e9s da digitaliza\u00e7\u00e3o e desburocratiza\u00e7\u00e3o. A declara\u00e7\u00e3o foi dada durante a abertura do [&hellip;]<\/p>\n","protected":false},"author":246,"featured_media":221458,"comment_status":"closed","ping_status":"closed","sticky":false,"template":"","format":"standard","meta":{"footnotes":""},"categories":[436,440,261,439],"tags":[],"class_list":["post-221457","post","type-post","status-publish","format-standard","has-post-thumbnail","hentry","category-destaque-da-semana","category-destaques-do-dia","category-economia","category-ultima-hora"],"_links":{"self":[{"href":"https:\/\/diarioregionaldigital.com.br\/index.php?rest_route=\/wp\/v2\/posts\/221457","targetHints":{"allow":["GET"]}}],"collection":[{"href":"https:\/\/diarioregionaldigital.com.br\/index.php?rest_route=\/wp\/v2\/posts"}],"about":[{"href":"https:\/\/diarioregionaldigital.com.br\/index.php?rest_route=\/wp\/v2\/types\/post"}],"author":[{"embeddable":true,"href":"https:\/\/diarioregionaldigital.com.br\/index.php?rest_route=\/wp\/v2\/users\/246"}],"replies":[{"embeddable":true,"href":"https:\/\/diarioregionaldigital.com.br\/index.php?rest_route=%2Fwp%2Fv2%2Fcomments&post=221457"}],"version-history":[{"count":1,"href":"https:\/\/diarioregionaldigital.com.br\/index.php?rest_route=\/wp\/v2\/posts\/221457\/revisions"}],"predecessor-version":[{"id":221459,"href":"https:\/\/diarioregionaldigital.com.br\/index.php?rest_route=\/wp\/v2\/posts\/221457\/revisions\/221459"}],"wp:featuredmedia":[{"embeddable":true,"href":"https:\/\/diarioregionaldigital.com.br\/index.php?rest_route=\/wp\/v2\/media\/221458"}],"wp:attachment":[{"href":"https:\/\/diarioregionaldigital.com.br\/index.php?rest_route=%2Fwp%2Fv2%2Fmedia&parent=221457"}],"wp:term":[{"taxonomy":"category","embeddable":true,"href":"https:\/\/diarioregionaldigital.com.br\/index.php?rest_route=%2Fwp%2Fv2%2Fcategories&post=221457"},{"taxonomy":"post_tag","embeddable":true,"href":"https:\/\/diarioregionaldigital.com.br\/index.php?rest_route=%2Fwp%2Fv2%2Ftags&post=221457"}],"curies":[{"name":"wp","href":"https:\/\/api.w.org\/{rel}","templated":true}]}}